{"id":845,"date":"2022-03-18T20:57:34","date_gmt":"2022-03-18T20:57:34","guid":{"rendered":"http:\/\/fachhallenhaus.de\/?p=845"},"modified":"2022-03-18T20:59:49","modified_gmt":"2022-03-18T20:59:49","slug":"schluss-jetzt-mit-rohbau","status":"publish","type":"post","link":"https:\/\/www.fachhallenhaus.de\/?p=845","title":{"rendered":"Schluss jetzt mit Rohbau!"},"content":{"rendered":"\n<p>Fantastisch! Wir haben eine Trockenbauwand gebaut! Das ist nicht prim\u00e4r wegen der Arbeitsleistung bezeichnend, sondern deshalb, weil es einen gewissen Wendepunkt im Projekt kennzeichnet. <\/p>\n\n\n\n<figure class=\"wp-block-image size-large\"><img loading=\"lazy\" decoding=\"async\" width=\"990\" height=\"743\" src=\"https:\/\/i0.wp.com\/fachhallenhaus.de\/wp-content\/uploads\/2022\/03\/wp-1647633575159-scaled.jpg?resize=990%2C743\" alt=\"\" class=\"wp-image-837\" srcset=\"https:\/\/i0.wp.com\/www.fachhallenhaus.de\/wp-content\/uploads\/2022\/03\/wp-1647633575159-scaled.jpg?w=2560&amp;ssl=1 2560w, https:\/\/i0.wp.com\/www.fachhallenhaus.de\/wp-content\/uploads\/2022\/03\/wp-1647633575159-scaled.jpg?resize=300%2C225&amp;ssl=1 300w, https:\/\/i0.wp.com\/www.fachhallenhaus.de\/wp-content\/uploads\/2022\/03\/wp-1647633575159-scaled.jpg?resize=1024%2C768&amp;ssl=1 1024w, https:\/\/i0.wp.com\/www.fachhallenhaus.de\/wp-content\/uploads\/2022\/03\/wp-1647633575159-scaled.jpg?resize=768%2C576&amp;ssl=1 768w, https:\/\/i0.wp.com\/www.fachhallenhaus.de\/wp-content\/uploads\/2022\/03\/wp-1647633575159-scaled.jpg?resize=1536%2C1152&amp;ssl=1 1536w, https:\/\/i0.wp.com\/www.fachhallenhaus.de\/wp-content\/uploads\/2022\/03\/wp-1647633575159-scaled.jpg?resize=2048%2C1536&amp;ssl=1 2048w, https:\/\/i0.wp.com\/www.fachhallenhaus.de\/wp-content\/uploads\/2022\/03\/wp-1647633575159-scaled.jpg?resize=755%2C566&amp;ssl=1 755w, https:\/\/i0.wp.com\/www.fachhallenhaus.de\/wp-content\/uploads\/2022\/03\/wp-1647633575159-scaled.jpg?w=1980&amp;ssl=1 1980w\" sizes=\"(max-width: 990px) 100vw, 990px\" data-recalc-dims=\"1\" \/><figcaption>Hier sieht man die Wand, die den zuk\u00fcnftigen Hauswirtschaftsraum bzw. Heizungsraum vom B\u00fcro trennt. Das Gussfenster musste irgendwie sein \ud83d\ude42<\/figcaption><\/figure>\n\n\n\n<p>Und auch im Windfang sieht es wieder passabel aus. Der ganze Dreck ist raus und Schaumglasschotter kam hinein. Den zu R\u00fctteln war nochmal richtiger Mist, da noch die Leitungen der Gasheizung im Weg sind. Die k\u00f6nnen aber noch nicht weg, weil die neuen auf Estrich liegen sollen und sich hier die Katze irgendwie in den Schwanz bei\u00dft. Also hatte sowohl ich gro\u00dfen Spa\u00df mit dem Handstampfer und auch die Estrichbauer unter den Leitungen mit den Richtlatten zu hantieren. ABER: jetzt ist es erledigt. <\/p>\n\n\n\n<p>Oh ja, da freuen wir uns schon sehr!<\/p>\n\n\n\n<figure class=\"wp-block-image\"><img loading=\"lazy\" decoding=\"async\" width=\"990\" height=\"743\" src=\"https:\/\/i0.wp.com\/fachhallenhaus.de\/wp-content\/uploads\/2022\/03\/wp-1647633575087-scaled.jpg?resize=990%2C743\" alt=\"\" class=\"wp-image-841\" srcset=\"https:\/\/i0.wp.com\/www.fachhallenhaus.de\/wp-content\/uploads\/2022\/03\/wp-1647633575087-scaled.jpg?w=2560&amp;ssl=1 2560w, https:\/\/i0.wp.com\/www.fachhallenhaus.de\/wp-content\/uploads\/2022\/03\/wp-1647633575087-scaled.jpg?resize=300%2C225&amp;ssl=1 300w, https:\/\/i0.wp.com\/www.fachhallenhaus.de\/wp-content\/uploads\/2022\/03\/wp-1647633575087-scaled.jpg?resize=1024%2C768&amp;ssl=1 1024w, https:\/\/i0.wp.com\/www.fachhallenhaus.de\/wp-content\/uploads\/2022\/03\/wp-1647633575087-scaled.jpg?resize=768%2C576&amp;ssl=1 768w, https:\/\/i0.wp.com\/www.fachhallenhaus.de\/wp-content\/uploads\/2022\/03\/wp-1647633575087-scaled.jpg?resize=1536%2C1152&amp;ssl=1 1536w, https:\/\/i0.wp.com\/www.fachhallenhaus.de\/wp-content\/uploads\/2022\/03\/wp-1647633575087-scaled.jpg?resize=2048%2C1536&amp;ssl=1 2048w, https:\/\/i0.wp.com\/www.fachhallenhaus.de\/wp-content\/uploads\/2022\/03\/wp-1647633575087-scaled.jpg?resize=755%2C566&amp;ssl=1 755w, https:\/\/i0.wp.com\/www.fachhallenhaus.de\/wp-content\/uploads\/2022\/03\/wp-1647633575087-scaled.jpg?w=1980&amp;ssl=1 1980w\" sizes=\"(max-width: 990px) 100vw, 990px\" data-recalc-dims=\"1\" \/><\/figure>\n","protected":false},"excerpt":{"rendered":"<p>Fantastisch! Wir haben eine Trockenbauwand gebaut! Das ist nicht prim\u00e4r wegen der Arbeitsleistung bezeichnend, sondern deshalb, weil es einen gewissen &hellip; <span class=\"more-button\"><a href=\"https:\/\/www.fachhallenhaus.de\/?p=845\" class=\"more-link\">Continue Reading<span class=\"screen-reader-text\">Schluss jetzt mit Rohbau!<\/span><\/a><\/span><\/p>\n","protected":false},"author":2,"featured_media":847,"comment_status":"closed","ping_status":"closed","sticky":false,"template":"","format":"standard","meta":{"footnotes":""},"categories":[4],"tags":[],"jetpack_sharing_enabled":true,"jetpack_featured_media_url":"https:\/\/i0.wp.com\/www.fachhallenhaus.de\/wp-content\/uploads\/2022\/03\/image_editor_output_image-1615444738-1647637165357.jpg?fit=815%2C746&ssl=1","_links":{"self":[{"href":"https:\/\/www.fachhallenhaus.de\/index.php?rest_route=\/wp\/v2\/posts\/845"}],"collection":[{"href":"https:\/\/www.fachhallenhaus.de\/index.php?rest_route=\/wp\/v2\/posts"}],"about":[{"href":"https:\/\/www.fachhallenhaus.de\/index.php?rest_route=\/wp\/v2\/types\/post"}],"author":[{"embeddable":true,"href":"https:\/\/www.fachhallenhaus.de\/index.php?rest_route=\/wp\/v2\/users\/2"}],"replies":[{"embeddable":true,"href":"https:\/\/www.fachhallenhaus.de\/index.php?rest_route=%2Fwp%2Fv2%2Fcomments&post=845"}],"version-history":[{"count":2,"href":"https:\/\/www.fachhallenhaus.de\/index.php?rest_route=\/wp\/v2\/posts\/845\/revisions"}],"predecessor-version":[{"id":848,"href":"https:\/\/www.fachhallenhaus.de\/index.php?rest_route=\/wp\/v2\/posts\/845\/revisions\/848"}],"wp:featuredmedia":[{"embeddable":true,"href":"https:\/\/www.fachhallenhaus.de\/index.php?rest_route=\/wp\/v2\/media\/847"}],"wp:attachment":[{"href":"https:\/\/www.fachhallenhaus.de\/index.php?rest_route=%2Fwp%2Fv2%2Fmedia&parent=845"}],"wp:term":[{"taxonomy":"category","embeddable":true,"href":"https:\/\/www.fachhallenhaus.de\/index.php?rest_route=%2Fwp%2Fv2%2Fcategories&post=845"},{"taxonomy":"post_tag","embeddable":true,"href":"https:\/\/www.fachhallenhaus.de\/index.php?rest_route=%2Fwp%2Fv2%2Ftags&post=845"}],"curies":[{"name":"wp","href":"https:\/\/api.w.org\/{rel}","templated":true}]}}