{"id":842,"date":"2022-03-18T20:45:16","date_gmt":"2022-03-18T20:45:16","guid":{"rendered":"http:\/\/fachhallenhaus.de\/?p=842"},"modified":"2022-03-18T20:45:27","modified_gmt":"2022-03-18T20:45:27","slug":"die-bibliothek","status":"publish","type":"post","link":"https:\/\/www.fachhallenhaus.de\/?p=842","title":{"rendered":"Die Bibliothek"},"content":{"rendered":"\n<p>Noch ein richtiger Gewaltakt ist n\u00f6tig um auch diesen letzten Raum vorzubereiten. -Ob es wirklich eine Bibliothek wird, das wissen wir noch nicht so genau, aber irgendwie gefiel uns der Arbeitstitel. <\/p>\n\n\n\n<p>Fr\u00fcher lag hier mal das Badezimmer und deshalb haben wir es auch hier wieder mit etlichen Schichten verschiedener B\u00f6den, vornehmlich Beton zu tun. Eine ordentliche Plakerei&#8230; Aber seht selbst<\/p>\n\n\n\n<figure class=\"wp-block-image\"><img loading=\"lazy\" decoding=\"async\" width=\"990\" height=\"743\" src=\"https:\/\/i0.wp.com\/fachhallenhaus.de\/wp-content\/uploads\/2022\/03\/wp-1646766007721-scaled.jpg?resize=990%2C743\" alt=\"\" class=\"wp-image-836\" srcset=\"https:\/\/i0.wp.com\/www.fachhallenhaus.de\/wp-content\/uploads\/2022\/03\/wp-1646766007721-scaled.jpg?w=2560&amp;ssl=1 2560w, https:\/\/i0.wp.com\/www.fachhallenhaus.de\/wp-content\/uploads\/2022\/03\/wp-1646766007721-scaled.jpg?resize=300%2C225&amp;ssl=1 300w, https:\/\/i0.wp.com\/www.fachhallenhaus.de\/wp-content\/uploads\/2022\/03\/wp-1646766007721-scaled.jpg?resize=1024%2C768&amp;ssl=1 1024w, https:\/\/i0.wp.com\/www.fachhallenhaus.de\/wp-content\/uploads\/2022\/03\/wp-1646766007721-scaled.jpg?resize=768%2C576&amp;ssl=1 768w, https:\/\/i0.wp.com\/www.fachhallenhaus.de\/wp-content\/uploads\/2022\/03\/wp-1646766007721-scaled.jpg?resize=1536%2C1152&amp;ssl=1 1536w, https:\/\/i0.wp.com\/www.fachhallenhaus.de\/wp-content\/uploads\/2022\/03\/wp-1646766007721-scaled.jpg?resize=2048%2C1536&amp;ssl=1 2048w, https:\/\/i0.wp.com\/www.fachhallenhaus.de\/wp-content\/uploads\/2022\/03\/wp-1646766007721-scaled.jpg?resize=755%2C566&amp;ssl=1 755w, https:\/\/i0.wp.com\/www.fachhallenhaus.de\/wp-content\/uploads\/2022\/03\/wp-1646766007721-scaled.jpg?w=1980&amp;ssl=1 1980w\" sizes=\"(max-width: 990px) 100vw, 990px\" data-recalc-dims=\"1\" \/><figcaption>Hier ist das wildeste schon abtransportiert. Man erkennt noch alte Fundamente und die dicke Betonplatte<\/figcaption><\/figure>\n\n\n\n<figure class=\"wp-block-image\"><img loading=\"lazy\" decoding=\"async\" width=\"990\" height=\"1320\" src=\"https:\/\/i0.wp.com\/fachhallenhaus.de\/wp-content\/uploads\/2022\/03\/wp-16467660010763234539467813098386-scaled.jpg?resize=990%2C1320\" alt=\"\" class=\"wp-image-826\" srcset=\"https:\/\/i0.wp.com\/www.fachhallenhaus.de\/wp-content\/uploads\/2022\/03\/wp-16467660010763234539467813098386-scaled.jpg?w=1920&amp;ssl=1 1920w, https:\/\/i0.wp.com\/www.fachhallenhaus.de\/wp-content\/uploads\/2022\/03\/wp-16467660010763234539467813098386-scaled.jpg?resize=225%2C300&amp;ssl=1 225w, https:\/\/i0.wp.com\/www.fachhallenhaus.de\/wp-content\/uploads\/2022\/03\/wp-16467660010763234539467813098386-scaled.jpg?resize=768%2C1024&amp;ssl=1 768w, https:\/\/i0.wp.com\/www.fachhallenhaus.de\/wp-content\/uploads\/2022\/03\/wp-16467660010763234539467813098386-scaled.jpg?resize=1152%2C1536&amp;ssl=1 1152w, https:\/\/i0.wp.com\/www.fachhallenhaus.de\/wp-content\/uploads\/2022\/03\/wp-16467660010763234539467813098386-scaled.jpg?resize=1536%2C2048&amp;ssl=1 1536w\" sizes=\"(max-width: 990px) 100vw, 990px\" data-recalc-dims=\"1\" \/><figcaption>Unterm Beton feinster Stampflehm. Schaufel? &#8211; Fehlanzeige. Der Abbruchhammer muss her. <\/figcaption><\/figure>\n\n\n\n<figure class=\"wp-block-image size-large\"><img loading=\"lazy\" decoding=\"async\" width=\"768\" height=\"1024\" src=\"https:\/\/i0.wp.com\/fachhallenhaus.de\/wp-content\/uploads\/2022\/03\/wp-16467660019028278895677567600190-768x1024.jpg?resize=768%2C1024\" alt=\"\" class=\"wp-image-825\" srcset=\"https:\/\/i0.wp.com\/www.fachhallenhaus.de\/wp-content\/uploads\/2022\/03\/wp-16467660019028278895677567600190-scaled.jpg?resize=768%2C1024&amp;ssl=1 768w, https:\/\/i0.wp.com\/www.fachhallenhaus.de\/wp-content\/uploads\/2022\/03\/wp-16467660019028278895677567600190-scaled.jpg?resize=225%2C300&amp;ssl=1 225w, https:\/\/i0.wp.com\/www.fachhallenhaus.de\/wp-content\/uploads\/2022\/03\/wp-16467660019028278895677567600190-scaled.jpg?resize=1152%2C1536&amp;ssl=1 1152w, https:\/\/i0.wp.com\/www.fachhallenhaus.de\/wp-content\/uploads\/2022\/03\/wp-16467660019028278895677567600190-scaled.jpg?resize=1536%2C2048&amp;ssl=1 1536w, https:\/\/i0.wp.com\/www.fachhallenhaus.de\/wp-content\/uploads\/2022\/03\/wp-16467660019028278895677567600190-scaled.jpg?w=1920&amp;ssl=1 1920w\" sizes=\"(max-width: 768px) 100vw, 768px\" data-recalc-dims=\"1\" \/><figcaption>Die R\u00e4nder m\u00fcssen auch noch abgeschnitten werden. Einfach zu viel Beton hier. <\/figcaption><\/figure>\n\n\n\n<p>&#8218;Warum wollen wir \u00fcberhaupt einen innenliegenden Raum ohne Fenster&#8216; k\u00f6nnte man fragen? Nun ja, es war die pragmatischste Idee den Wohnraum von der Tenne zu trennen, w\u00e4hrend trotzdem die sch\u00f6ne Doppelt\u00fcr erhalten bleiben kann. Platz haben wir ja genug, da dachten wir, macht sich so ein Raum als Schallpuffer nicht schlecht. <\/p>\n\n\n\n<p>Habe ich au\u00dferdem schon mal erw\u00e4hnt, dass wirklich alle unsere T\u00fcren in die falsche Richtung aufgehen? Statt des zus\u00e4tzlich Raums war n\u00e4mlich eine Dopplung der T\u00fcr mit einer Glast\u00fcr in Diskussion. Das haben wir aber schnell verworfen, weil die Glast\u00fcr dann auf der falschen Seite st\u00fcnde.<\/p>\n\n\n\n<figure class=\"wp-block-image\"><img loading=\"lazy\" decoding=\"async\" width=\"990\" height=\"743\" src=\"https:\/\/i0.wp.com\/fachhallenhaus.de\/wp-content\/uploads\/2022\/03\/wp-1646766004082-scaled.jpg?resize=990%2C743\" alt=\"\" class=\"wp-image-830\" srcset=\"https:\/\/i0.wp.com\/www.fachhallenhaus.de\/wp-content\/uploads\/2022\/03\/wp-1646766004082-scaled.jpg?w=2560&amp;ssl=1 2560w, https:\/\/i0.wp.com\/www.fachhallenhaus.de\/wp-content\/uploads\/2022\/03\/wp-1646766004082-scaled.jpg?resize=300%2C225&amp;ssl=1 300w, https:\/\/i0.wp.com\/www.fachhallenhaus.de\/wp-content\/uploads\/2022\/03\/wp-1646766004082-scaled.jpg?resize=1024%2C768&amp;ssl=1 1024w, https:\/\/i0.wp.com\/www.fachhallenhaus.de\/wp-content\/uploads\/2022\/03\/wp-1646766004082-scaled.jpg?resize=768%2C576&amp;ssl=1 768w, https:\/\/i0.wp.com\/www.fachhallenhaus.de\/wp-content\/uploads\/2022\/03\/wp-1646766004082-scaled.jpg?resize=1536%2C1152&amp;ssl=1 1536w, https:\/\/i0.wp.com\/www.fachhallenhaus.de\/wp-content\/uploads\/2022\/03\/wp-1646766004082-scaled.jpg?resize=2048%2C1536&amp;ssl=1 2048w, https:\/\/i0.wp.com\/www.fachhallenhaus.de\/wp-content\/uploads\/2022\/03\/wp-1646766004082-scaled.jpg?resize=755%2C566&amp;ssl=1 755w, https:\/\/i0.wp.com\/www.fachhallenhaus.de\/wp-content\/uploads\/2022\/03\/wp-1646766004082-scaled.jpg?w=1980&amp;ssl=1 1980w\" sizes=\"(max-width: 990px) 100vw, 990px\" data-recalc-dims=\"1\" \/><figcaption>Ein neues Fundament f\u00fcr die massive Wanf muss her. <\/figcaption><\/figure>\n\n\n\n<figure class=\"wp-block-image\"><img loading=\"lazy\" decoding=\"async\" width=\"990\" height=\"1320\" src=\"https:\/\/i0.wp.com\/fachhallenhaus.de\/wp-content\/uploads\/2022\/03\/wp-1646766005635691692582814783051-scaled.jpg?resize=990%2C1320\" alt=\"\" class=\"wp-image-835\" srcset=\"https:\/\/i0.wp.com\/www.fachhallenhaus.de\/wp-content\/uploads\/2022\/03\/wp-1646766005635691692582814783051-scaled.jpg?w=1920&amp;ssl=1 1920w, https:\/\/i0.wp.com\/www.fachhallenhaus.de\/wp-content\/uploads\/2022\/03\/wp-1646766005635691692582814783051-scaled.jpg?resize=225%2C300&amp;ssl=1 225w, https:\/\/i0.wp.com\/www.fachhallenhaus.de\/wp-content\/uploads\/2022\/03\/wp-1646766005635691692582814783051-scaled.jpg?resize=768%2C1024&amp;ssl=1 768w, https:\/\/i0.wp.com\/www.fachhallenhaus.de\/wp-content\/uploads\/2022\/03\/wp-1646766005635691692582814783051-scaled.jpg?resize=1152%2C1536&amp;ssl=1 1152w, https:\/\/i0.wp.com\/www.fachhallenhaus.de\/wp-content\/uploads\/2022\/03\/wp-1646766005635691692582814783051-scaled.jpg?resize=1536%2C2048&amp;ssl=1 1536w\" sizes=\"(max-width: 990px) 100vw, 990px\" data-recalc-dims=\"1\" \/><\/figure>\n\n\n\n<figure class=\"wp-block-image\"><img loading=\"lazy\" decoding=\"async\" width=\"990\" height=\"1320\" src=\"https:\/\/i0.wp.com\/fachhallenhaus.de\/wp-content\/uploads\/2022\/03\/wp-16467660063872146930670205179886-scaled.jpg?resize=990%2C1320\" alt=\"\" class=\"wp-image-832\" srcset=\"https:\/\/i0.wp.com\/www.fachhallenhaus.de\/wp-content\/uploads\/2022\/03\/wp-16467660063872146930670205179886-scaled.jpg?w=1920&amp;ssl=1 1920w, https:\/\/i0.wp.com\/www.fachhallenhaus.de\/wp-content\/uploads\/2022\/03\/wp-16467660063872146930670205179886-scaled.jpg?resize=225%2C300&amp;ssl=1 225w, https:\/\/i0.wp.com\/www.fachhallenhaus.de\/wp-content\/uploads\/2022\/03\/wp-16467660063872146930670205179886-scaled.jpg?resize=768%2C1024&amp;ssl=1 768w, https:\/\/i0.wp.com\/www.fachhallenhaus.de\/wp-content\/uploads\/2022\/03\/wp-16467660063872146930670205179886-scaled.jpg?resize=1152%2C1536&amp;ssl=1 1152w, https:\/\/i0.wp.com\/www.fachhallenhaus.de\/wp-content\/uploads\/2022\/03\/wp-16467660063872146930670205179886-scaled.jpg?resize=1536%2C2048&amp;ssl=1 1536w\" sizes=\"(max-width: 990px) 100vw, 990px\" data-recalc-dims=\"1\" \/><figcaption>Nat\u00fcrlich armiert wie vom Statiker gefordert <\/figcaption><\/figure>\n\n\n\n<figure class=\"wp-block-image\"><img loading=\"lazy\" decoding=\"async\" width=\"990\" height=\"1320\" src=\"https:\/\/i0.wp.com\/fachhallenhaus.de\/wp-content\/uploads\/2022\/03\/wp-16467660048146289353612372217287-scaled.jpg?resize=990%2C1320\" alt=\"\" class=\"wp-image-831\" srcset=\"https:\/\/i0.wp.com\/www.fachhallenhaus.de\/wp-content\/uploads\/2022\/03\/wp-16467660048146289353612372217287-scaled.jpg?w=1920&amp;ssl=1 1920w, https:\/\/i0.wp.com\/www.fachhallenhaus.de\/wp-content\/uploads\/2022\/03\/wp-16467660048146289353612372217287-scaled.jpg?resize=225%2C300&amp;ssl=1 225w, https:\/\/i0.wp.com\/www.fachhallenhaus.de\/wp-content\/uploads\/2022\/03\/wp-16467660048146289353612372217287-scaled.jpg?resize=768%2C1024&amp;ssl=1 768w, https:\/\/i0.wp.com\/www.fachhallenhaus.de\/wp-content\/uploads\/2022\/03\/wp-16467660048146289353612372217287-scaled.jpg?resize=1152%2C1536&amp;ssl=1 1152w, https:\/\/i0.wp.com\/www.fachhallenhaus.de\/wp-content\/uploads\/2022\/03\/wp-16467660048146289353612372217287-scaled.jpg?resize=1536%2C2048&amp;ssl=1 1536w\" sizes=\"(max-width: 990px) 100vw, 990px\" data-recalc-dims=\"1\" \/><figcaption>Just in time wurde das ganze fertig bis auch schon der Betonmischer auf den Hof fuhr. (Bei 1,5m3 haben wir dann doch auf gr\u00f6\u00dfere Gesch\u00fctze gesetzt.)<\/figcaption><\/figure>\n\n\n\n<figure class=\"wp-block-image\"><img loading=\"lazy\" decoding=\"async\" width=\"990\" height=\"1320\" src=\"https:\/\/i0.wp.com\/fachhallenhaus.de\/wp-content\/uploads\/2022\/03\/wp-16467660028003078514375813269071-scaled.jpg?resize=990%2C1320\" alt=\"\" class=\"wp-image-827\" srcset=\"https:\/\/i0.wp.com\/www.fachhallenhaus.de\/wp-content\/uploads\/2022\/03\/wp-16467660028003078514375813269071-scaled.jpg?w=1920&amp;ssl=1 1920w, https:\/\/i0.wp.com\/www.fachhallenhaus.de\/wp-content\/uploads\/2022\/03\/wp-16467660028003078514375813269071-scaled.jpg?resize=225%2C300&amp;ssl=1 225w, https:\/\/i0.wp.com\/www.fachhallenhaus.de\/wp-content\/uploads\/2022\/03\/wp-16467660028003078514375813269071-scaled.jpg?resize=768%2C1024&amp;ssl=1 768w, https:\/\/i0.wp.com\/www.fachhallenhaus.de\/wp-content\/uploads\/2022\/03\/wp-16467660028003078514375813269071-scaled.jpg?resize=1152%2C1536&amp;ssl=1 1152w, https:\/\/i0.wp.com\/www.fachhallenhaus.de\/wp-content\/uploads\/2022\/03\/wp-16467660028003078514375813269071-scaled.jpg?resize=1536%2C2048&amp;ssl=1 1536w\" sizes=\"(max-width: 990px) 100vw, 990px\" data-recalc-dims=\"1\" \/><figcaption>Sobald das Fundament gegossen war und der ganze Lehm raus ist, ging es schnell den Schaumglasschotter einzubringend. Nat\u00fcrlich mit tatkr\u00e4ftiger Hilfe <\/figcaption><\/figure>\n\n\n\n<figure class=\"wp-block-image\"><img loading=\"lazy\" decoding=\"async\" width=\"990\" height=\"743\" src=\"https:\/\/i0.wp.com\/fachhallenhaus.de\/wp-content\/uploads\/2022\/03\/wp-1646766003556-scaled.jpg?resize=990%2C743\" alt=\"\" class=\"wp-image-828\" srcset=\"https:\/\/i0.wp.com\/www.fachhallenhaus.de\/wp-content\/uploads\/2022\/03\/wp-1646766003556-scaled.jpg?w=2560&amp;ssl=1 2560w, https:\/\/i0.wp.com\/www.fachhallenhaus.de\/wp-content\/uploads\/2022\/03\/wp-1646766003556-scaled.jpg?resize=300%2C225&amp;ssl=1 300w, https:\/\/i0.wp.com\/www.fachhallenhaus.de\/wp-content\/uploads\/2022\/03\/wp-1646766003556-scaled.jpg?resize=1024%2C768&amp;ssl=1 1024w, https:\/\/i0.wp.com\/www.fachhallenhaus.de\/wp-content\/uploads\/2022\/03\/wp-1646766003556-scaled.jpg?resize=768%2C576&amp;ssl=1 768w, https:\/\/i0.wp.com\/www.fachhallenhaus.de\/wp-content\/uploads\/2022\/03\/wp-1646766003556-scaled.jpg?resize=1536%2C1152&amp;ssl=1 1536w, https:\/\/i0.wp.com\/www.fachhallenhaus.de\/wp-content\/uploads\/2022\/03\/wp-1646766003556-scaled.jpg?resize=2048%2C1536&amp;ssl=1 2048w, https:\/\/i0.wp.com\/www.fachhallenhaus.de\/wp-content\/uploads\/2022\/03\/wp-1646766003556-scaled.jpg?resize=755%2C566&amp;ssl=1 755w, https:\/\/i0.wp.com\/www.fachhallenhaus.de\/wp-content\/uploads\/2022\/03\/wp-1646766003556-scaled.jpg?w=1980&amp;ssl=1 1980w\" sizes=\"(max-width: 990px) 100vw, 990px\" data-recalc-dims=\"1\" \/><figcaption>Das R\u00fctteln klappte hier auch super. Nix im Weg und sch\u00f6ne Auslaufstrecken zum Wenden<\/figcaption><\/figure>\n\n\n\n<figure class=\"wp-block-image\"><img loading=\"lazy\" decoding=\"async\" width=\"990\" height=\"743\" src=\"https:\/\/i0.wp.com\/fachhallenhaus.de\/wp-content\/uploads\/2022\/03\/wp-1647633575033-scaled.jpg?resize=990%2C743\" alt=\"\" class=\"wp-image-838\" srcset=\"https:\/\/i0.wp.com\/www.fachhallenhaus.de\/wp-content\/uploads\/2022\/03\/wp-1647633575033-scaled.jpg?w=2560&amp;ssl=1 2560w, https:\/\/i0.wp.com\/www.fachhallenhaus.de\/wp-content\/uploads\/2022\/03\/wp-1647633575033-scaled.jpg?resize=300%2C225&amp;ssl=1 300w, https:\/\/i0.wp.com\/www.fachhallenhaus.de\/wp-content\/uploads\/2022\/03\/wp-1647633575033-scaled.jpg?resize=1024%2C768&amp;ssl=1 1024w, https:\/\/i0.wp.com\/www.fachhallenhaus.de\/wp-content\/uploads\/2022\/03\/wp-1647633575033-scaled.jpg?resize=768%2C576&amp;ssl=1 768w, https:\/\/i0.wp.com\/www.fachhallenhaus.de\/wp-content\/uploads\/2022\/03\/wp-1647633575033-scaled.jpg?resize=1536%2C1152&amp;ssl=1 1536w, https:\/\/i0.wp.com\/www.fachhallenhaus.de\/wp-content\/uploads\/2022\/03\/wp-1647633575033-scaled.jpg?resize=2048%2C1536&amp;ssl=1 2048w, https:\/\/i0.wp.com\/www.fachhallenhaus.de\/wp-content\/uploads\/2022\/03\/wp-1647633575033-scaled.jpg?resize=755%2C566&amp;ssl=1 755w, https:\/\/i0.wp.com\/www.fachhallenhaus.de\/wp-content\/uploads\/2022\/03\/wp-1647633575033-scaled.jpg?w=1980&amp;ssl=1 1980w\" sizes=\"(max-width: 990px) 100vw, 990px\" data-recalc-dims=\"1\" \/><figcaption>Und hier ein topaktuelles Bild von heute. Estrich ist drin und darf jetzt erstmal vor sich hintrocknen <\/figcaption><\/figure>\n","protected":false},"excerpt":{"rendered":"<p>Noch ein richtiger Gewaltakt ist n\u00f6tig um auch diesen letzten Raum vorzubereiten. -Ob es wirklich eine Bibliothek wird, das wissen &hellip; <span class=\"more-button\"><a href=\"https:\/\/www.fachhallenhaus.de\/?p=842\" class=\"more-link\">Continue Reading<span class=\"screen-reader-text\">Die Bibliothek<\/span><\/a><\/span><\/p>\n","protected":false},"author":2,"featured_media":832,"comment_status":"closed","ping_status":"closed","sticky":false,"template":"","format":"standard","meta":{"footnotes":""},"categories":[4],"tags":[],"jetpack_sharing_enabled":true,"jetpack_featured_media_url":"https:\/\/i0.wp.com\/www.fachhallenhaus.de\/wp-content\/uploads\/2022\/03\/wp-16467660063872146930670205179886-scaled.jpg?fit=1920%2C2560&ssl=1","_links":{"self":[{"href":"https:\/\/www.fachhallenhaus.de\/index.php?rest_route=\/wp\/v2\/posts\/842"}],"collection":[{"href":"https:\/\/www.fachhallenhaus.de\/index.php?rest_route=\/wp\/v2\/posts"}],"about":[{"href":"https:\/\/www.fachhallenhaus.de\/index.php?rest_route=\/wp\/v2\/types\/post"}],"author":[{"embeddable":true,"href":"https:\/\/www.fachhallenhaus.de\/index.php?rest_route=\/wp\/v2\/users\/2"}],"replies":[{"embeddable":true,"href":"https:\/\/www.fachhallenhaus.de\/index.php?rest_route=%2Fwp%2Fv2%2Fcomments&post=842"}],"version-history":[{"count":1,"href":"https:\/\/www.fachhallenhaus.de\/index.php?rest_route=\/wp\/v2\/posts\/842\/revisions"}],"predecessor-version":[{"id":843,"href":"https:\/\/www.fachhallenhaus.de\/index.php?rest_route=\/wp\/v2\/posts\/842\/revisions\/843"}],"wp:featuredmedia":[{"embeddable":true,"href":"https:\/\/www.fachhallenhaus.de\/index.php?rest_route=\/wp\/v2\/media\/832"}],"wp:attachment":[{"href":"https:\/\/www.fachhallenhaus.de\/index.php?rest_route=%2Fwp%2Fv2%2Fmedia&parent=842"}],"wp:term":[{"taxonomy":"category","embeddable":true,"href":"https:\/\/www.fachhallenhaus.de\/index.php?rest_route=%2Fwp%2Fv2%2Fcategories&post=842"},{"taxonomy":"post_tag","embeddable":true,"href":"https:\/\/www.fachhallenhaus.de\/index.php?rest_route=%2Fwp%2Fv2%2Ftags&post=842"}],"curies":[{"name":"wp","href":"https:\/\/api.w.org\/{rel}","templated":true}]}}