{"id":725,"date":"2021-12-20T22:00:57","date_gmt":"2021-12-20T22:00:57","guid":{"rendered":"http:\/\/fachhallenhaus.de\/?p=725"},"modified":"2021-12-21T16:28:02","modified_gmt":"2021-12-21T16:28:02","slug":"drehtag-3-teil-2","status":"publish","type":"post","link":"https:\/\/www.fachhallenhaus.de\/?p=725","title":{"rendered":"Drehtag #3, Teil 2"},"content":{"rendered":"\n<p>Fortsetzung zum dritten Drehtag und dem Finale kurz vor Weihnachten. &#8211; \u00dcber den Schaumglasschotter im Bad lest ihr im vergangenen Post, hier geht&#8217;s weiter mit Schornstein und Innend\u00e4mmung.<\/p>\n\n\n\n<p>Dem Betonboden in der Diele sind wir ja bereits zu Leibe ger\u00fcckt. Ein neues Fundament w\u00fcrde ebenfalls gegossen. Sebastian schneidet ein Loch in die Decke.<\/p>\n\n\n\n<figure class=\"wp-block-image size-large\"><img loading=\"lazy\" decoding=\"async\" width=\"990\" height=\"990\" src=\"https:\/\/i0.wp.com\/fachhallenhaus.de\/wp-content\/uploads\/2021\/11\/wp-1638041877280-1024x1024.jpg?resize=990%2C990\" alt=\"\" class=\"wp-image-688\" srcset=\"https:\/\/i0.wp.com\/www.fachhallenhaus.de\/wp-content\/uploads\/2021\/11\/wp-1638041877280.jpg?resize=1024%2C1024&amp;ssl=1 1024w, https:\/\/i0.wp.com\/www.fachhallenhaus.de\/wp-content\/uploads\/2021\/11\/wp-1638041877280.jpg?resize=300%2C300&amp;ssl=1 300w, https:\/\/i0.wp.com\/www.fachhallenhaus.de\/wp-content\/uploads\/2021\/11\/wp-1638041877280.jpg?resize=150%2C150&amp;ssl=1 150w, https:\/\/i0.wp.com\/www.fachhallenhaus.de\/wp-content\/uploads\/2021\/11\/wp-1638041877280.jpg?resize=768%2C768&amp;ssl=1 768w, https:\/\/i0.wp.com\/www.fachhallenhaus.de\/wp-content\/uploads\/2021\/11\/wp-1638041877280.jpg?resize=270%2C270&amp;ssl=1 270w, https:\/\/i0.wp.com\/www.fachhallenhaus.de\/wp-content\/uploads\/2021\/11\/wp-1638041877280.jpg?resize=480%2C480&amp;ssl=1 480w, https:\/\/i0.wp.com\/www.fachhallenhaus.de\/wp-content\/uploads\/2021\/11\/wp-1638041877280.jpg?resize=100%2C100&amp;ssl=1 100w, https:\/\/i0.wp.com\/www.fachhallenhaus.de\/wp-content\/uploads\/2021\/11\/wp-1638041877280.jpg?w=1440&amp;ssl=1 1440w\" sizes=\"(max-width: 990px) 100vw, 990px\" data-recalc-dims=\"1\" \/><\/figure>\n\n\n\n<figure class=\"wp-block-image\"><img loading=\"lazy\" decoding=\"async\" width=\"768\" height=\"1024\" src=\"https:\/\/i0.wp.com\/fachhallenhaus.de\/wp-content\/uploads\/2021\/12\/wp-1640029480862.jpg?resize=768%2C1024\" alt=\"\" class=\"wp-image-704\" srcset=\"https:\/\/i0.wp.com\/www.fachhallenhaus.de\/wp-content\/uploads\/2021\/12\/wp-1640029480862.jpg?w=768&amp;ssl=1 768w, https:\/\/i0.wp.com\/www.fachhallenhaus.de\/wp-content\/uploads\/2021\/12\/wp-1640029480862.jpg?resize=225%2C300&amp;ssl=1 225w\" sizes=\"(max-width: 768px) 100vw, 768px\" data-recalc-dims=\"1\" \/><\/figure>\n\n\n\n<p>Und hier ein Eindruck, wie die Schornsteinbauer den Leichtbauschornstein vorbereiten. Der NDR h\u00e4lt alles f\u00fcr die Reportage fest. <\/p>\n\n\n\n<figure class=\"wp-block-image\"><img loading=\"lazy\" decoding=\"async\" width=\"990\" height=\"743\" src=\"https:\/\/i0.wp.com\/fachhallenhaus.de\/wp-content\/uploads\/2021\/12\/wp-1640029480987-scaled.jpg?resize=990%2C743\" alt=\"\" class=\"wp-image-712\" srcset=\"https:\/\/i0.wp.com\/www.fachhallenhaus.de\/wp-content\/uploads\/2021\/12\/wp-1640029480987-scaled.jpg?w=2560&amp;ssl=1 2560w, https:\/\/i0.wp.com\/www.fachhallenhaus.de\/wp-content\/uploads\/2021\/12\/wp-1640029480987-scaled.jpg?resize=300%2C225&amp;ssl=1 300w, https:\/\/i0.wp.com\/www.fachhallenhaus.de\/wp-content\/uploads\/2021\/12\/wp-1640029480987-scaled.jpg?resize=1024%2C768&amp;ssl=1 1024w, https:\/\/i0.wp.com\/www.fachhallenhaus.de\/wp-content\/uploads\/2021\/12\/wp-1640029480987-scaled.jpg?resize=768%2C576&amp;ssl=1 768w, https:\/\/i0.wp.com\/www.fachhallenhaus.de\/wp-content\/uploads\/2021\/12\/wp-1640029480987-scaled.jpg?resize=1536%2C1152&amp;ssl=1 1536w, https:\/\/i0.wp.com\/www.fachhallenhaus.de\/wp-content\/uploads\/2021\/12\/wp-1640029480987-scaled.jpg?resize=2048%2C1536&amp;ssl=1 2048w, https:\/\/i0.wp.com\/www.fachhallenhaus.de\/wp-content\/uploads\/2021\/12\/wp-1640029480987-scaled.jpg?resize=755%2C566&amp;ssl=1 755w, https:\/\/i0.wp.com\/www.fachhallenhaus.de\/wp-content\/uploads\/2021\/12\/wp-1640029480987-scaled.jpg?w=1980&amp;ssl=1 1980w\" sizes=\"(max-width: 990px) 100vw, 990px\" data-recalc-dims=\"1\" \/><\/figure>\n\n\n\n<p>Und hier steht schon der erste Teil.<\/p>\n\n\n\n<figure class=\"wp-block-image size-large\"><img loading=\"lazy\" decoding=\"async\" width=\"990\" height=\"743\" src=\"https:\/\/i0.wp.com\/fachhallenhaus.de\/wp-content\/uploads\/2021\/12\/wp-1640029480944-1024x768.jpg?resize=990%2C743\" alt=\"\" class=\"wp-image-710\" srcset=\"https:\/\/i0.wp.com\/www.fachhallenhaus.de\/wp-content\/uploads\/2021\/12\/wp-1640029480944-scaled.jpg?resize=1024%2C768&amp;ssl=1 1024w, https:\/\/i0.wp.com\/www.fachhallenhaus.de\/wp-content\/uploads\/2021\/12\/wp-1640029480944-scaled.jpg?resize=300%2C225&amp;ssl=1 300w, https:\/\/i0.wp.com\/www.fachhallenhaus.de\/wp-content\/uploads\/2021\/12\/wp-1640029480944-scaled.jpg?resize=768%2C576&amp;ssl=1 768w, https:\/\/i0.wp.com\/www.fachhallenhaus.de\/wp-content\/uploads\/2021\/12\/wp-1640029480944-scaled.jpg?resize=1536%2C1152&amp;ssl=1 1536w, https:\/\/i0.wp.com\/www.fachhallenhaus.de\/wp-content\/uploads\/2021\/12\/wp-1640029480944-scaled.jpg?resize=2048%2C1536&amp;ssl=1 2048w, https:\/\/i0.wp.com\/www.fachhallenhaus.de\/wp-content\/uploads\/2021\/12\/wp-1640029480944-scaled.jpg?resize=755%2C566&amp;ssl=1 755w, https:\/\/i0.wp.com\/www.fachhallenhaus.de\/wp-content\/uploads\/2021\/12\/wp-1640029480944-scaled.jpg?w=1980&amp;ssl=1 1980w\" sizes=\"(max-width: 990px) 100vw, 990px\" data-recalc-dims=\"1\" \/><\/figure>\n\n\n\n<p>Im Hintergrund sieht man schon das Setting f\u00fcr die Innend\u00e4mmung. Hierf\u00fcr hatten wir Torben von Fa. Gutex und unser lieber Baustoffh\u00e4ndler Julian (Bauart:Schade) zu Besuch. <\/p>\n\n\n\n<p>Frauenpower war hier angesagt, ich habe die D\u00e4mmung f\u00fcr mich entdeckt. Torben zeigt mir also erstmal wie ich den Kalkm\u00f6rtel auf die Platte ziehe. Das erfordert etwas \u00dcbung. Am Ende ist es so \u00e4hnlich wie Torten mit Sahne zu verzieren \ud83d\ude00 mit etwas \u00dcbung klappt das alles auch ganz gut. Bilder gibt es leider keine, da m\u00fcsst ihr auf die Reportage warten. Weiter erkl\u00e4rt uns Torben all die Kniffe, die zu beachten sind bzgl. Fugen, Befestigung usw. Und er erkl\u00e4rt uns zusammen mit Julian sehr detailliert und fachkundig wie das System Bauphysikalisch funktioniert. Die Innend\u00e4mmung  ist per se erstmal ung\u00fcnstig wegen Taupunktverschiebung in die Wand. Gepaart mit Styropor und zu dicken D\u00e4mmst\u00e4rken kann sowas schnell zum Fiasko werden indem Wasser hinter der D\u00e4mmung an der kalten Wand ausf\u00e4llt. Schimmel hinter der D\u00e4mmung ist dann nicht weit. <\/p>\n\n\n\n<p>In unserem Fall wirkt aber einiges dem entgegen. Zun\u00e4chst haben wir mit 60mm eine moderate D\u00e4mmdicke gew\u00e4hlt, die im Verbund den Taupunkt noch im Mauerwerk hat und nicht ganz nach innen schiebt.  Zweiter Aspekt: Kalkputz mit alkalischen Eigenschaften zwischen Mauerwerk und D\u00e4mmung. Dann kommt die Holzfaserplatte, die Wasserdampf aufnehmen kann, verteilt und wieder abgibt. Die Wandheizung eingebettet im Lehmputz h\u00e4lt das System diffusionsoffen d h. Das Wasser kann wieder in den Raum verdampfen und sie &#8222;schiebt&#8220; den Taupunkt wieder weiter nach au\u00dfen. In Summe hat sich das System in vielen Beispielen bew\u00e4hrt und sorgt f\u00fcr ein behagliches und gesundes Raumklima.<\/p>\n\n\n\n<p>So genug Theorie hier noch ein Bild von meinem Tagwerk: <\/p>\n\n\n\n<figure class=\"wp-block-image size-large\"><img loading=\"lazy\" decoding=\"async\" width=\"990\" height=\"743\" src=\"https:\/\/i0.wp.com\/fachhallenhaus.de\/wp-content\/uploads\/2021\/12\/wp-1640101421614-1024x768.jpg?resize=990%2C743\" alt=\"\" class=\"wp-image-735\" srcset=\"https:\/\/i0.wp.com\/www.fachhallenhaus.de\/wp-content\/uploads\/2021\/12\/wp-1640101421614-scaled.jpg?resize=1024%2C768&amp;ssl=1 1024w, https:\/\/i0.wp.com\/www.fachhallenhaus.de\/wp-content\/uploads\/2021\/12\/wp-1640101421614-scaled.jpg?resize=300%2C225&amp;ssl=1 300w, https:\/\/i0.wp.com\/www.fachhallenhaus.de\/wp-content\/uploads\/2021\/12\/wp-1640101421614-scaled.jpg?resize=768%2C576&amp;ssl=1 768w, https:\/\/i0.wp.com\/www.fachhallenhaus.de\/wp-content\/uploads\/2021\/12\/wp-1640101421614-scaled.jpg?resize=1536%2C1152&amp;ssl=1 1536w, https:\/\/i0.wp.com\/www.fachhallenhaus.de\/wp-content\/uploads\/2021\/12\/wp-1640101421614-scaled.jpg?resize=2048%2C1536&amp;ssl=1 2048w, https:\/\/i0.wp.com\/www.fachhallenhaus.de\/wp-content\/uploads\/2021\/12\/wp-1640101421614-scaled.jpg?resize=755%2C566&amp;ssl=1 755w, https:\/\/i0.wp.com\/www.fachhallenhaus.de\/wp-content\/uploads\/2021\/12\/wp-1640101421614-scaled.jpg?w=1980&amp;ssl=1 1980w\" sizes=\"(max-width: 990px) 100vw, 990px\" data-recalc-dims=\"1\" \/><\/figure>\n","protected":false},"excerpt":{"rendered":"<p>Fortsetzung zum dritten Drehtag und dem Finale kurz vor Weihnachten. &#8211; \u00dcber den Schaumglasschotter im Bad lest ihr im vergangenen &hellip; <span class=\"more-button\"><a href=\"https:\/\/www.fachhallenhaus.de\/?p=725\" class=\"more-link\">Continue Reading<span class=\"screen-reader-text\">Drehtag #3, Teil 2<\/span><\/a><\/span><\/p>\n","protected":false},"author":2,"featured_media":724,"comment_status":"closed","ping_status":"closed","sticky":false,"template":"","format":"standard","meta":{"footnotes":""},"categories":[4],"tags":[],"jetpack_sharing_enabled":true,"jetpack_featured_media_url":"https:\/\/i0.wp.com\/www.fachhallenhaus.de\/wp-content\/uploads\/2021\/12\/20211220_130654-scaled.jpg?fit=1920%2C2560&ssl=1","_links":{"self":[{"href":"https:\/\/www.fachhallenhaus.de\/index.php?rest_route=\/wp\/v2\/posts\/725"}],"collection":[{"href":"https:\/\/www.fachhallenhaus.de\/index.php?rest_route=\/wp\/v2\/posts"}],"about":[{"href":"https:\/\/www.fachhallenhaus.de\/index.php?rest_route=\/wp\/v2\/types\/post"}],"author":[{"embeddable":true,"href":"https:\/\/www.fachhallenhaus.de\/index.php?rest_route=\/wp\/v2\/users\/2"}],"replies":[{"embeddable":true,"href":"https:\/\/www.fachhallenhaus.de\/index.php?rest_route=%2Fwp%2Fv2%2Fcomments&post=725"}],"version-history":[{"count":3,"href":"https:\/\/www.fachhallenhaus.de\/index.php?rest_route=\/wp\/v2\/posts\/725\/revisions"}],"predecessor-version":[{"id":737,"href":"https:\/\/www.fachhallenhaus.de\/index.php?rest_route=\/wp\/v2\/posts\/725\/revisions\/737"}],"wp:featuredmedia":[{"embeddable":true,"href":"https:\/\/www.fachhallenhaus.de\/index.php?rest_route=\/wp\/v2\/media\/724"}],"wp:attachment":[{"href":"https:\/\/www.fachhallenhaus.de\/index.php?rest_route=%2Fwp%2Fv2%2Fmedia&parent=725"}],"wp:term":[{"taxonomy":"category","embeddable":true,"href":"https:\/\/www.fachhallenhaus.de\/index.php?rest_route=%2Fwp%2Fv2%2Fcategories&post=725"},{"taxonomy":"post_tag","embeddable":true,"href":"https:\/\/www.fachhallenhaus.de\/index.php?rest_route=%2Fwp%2Fv2%2Ftags&post=725"}],"curies":[{"name":"wp","href":"https:\/\/api.w.org\/{rel}","templated":true}]}}