{"id":668,"date":"2021-11-02T20:53:49","date_gmt":"2021-11-02T20:53:49","guid":{"rendered":"http:\/\/fachhallenhaus.de\/?p=668"},"modified":"2021-11-02T20:53:50","modified_gmt":"2021-11-02T20:53:50","slug":"heizungsausfall","status":"publish","type":"post","link":"https:\/\/www.fachhallenhaus.de\/?p=668","title":{"rendered":"Heizungsausfall"},"content":{"rendered":"\n<p>Nat\u00fcrlich&#8230; das muss ja sein. &#8211; die alte Gasheizung muss noch ausfallen. Oh man!<\/p>\n\n\n\n<figure class=\"wp-block-image size-large\"><img decoding=\"async\" src=\"https:\/\/i0.wp.com\/fachhallenhaus.de\/wp-content\/uploads\/2021\/11\/wp-16358854448448964206436108578789.jpg?w=990\" alt=\"\" class=\"wp-image-667\" data-recalc-dims=\"1\"\/><\/figure>\n\n\n\n<p>Ganz so dramatisch war es dann aber gl\u00fccklicherweise doch nicht. Die neue Gastherme sollte ohnehin an den gleichen Ort und war auch kurzfristig verf\u00fcgbar.<\/p>\n\n\n\n<figure class=\"wp-block-image size-large\"><img loading=\"lazy\" decoding=\"async\" width=\"990\" height=\"1320\" src=\"https:\/\/i0.wp.com\/fachhallenhaus.de\/wp-content\/uploads\/2021\/10\/img_8547-scaled.jpg?resize=990%2C1320\" alt=\"\" class=\"wp-image-651\" srcset=\"https:\/\/i0.wp.com\/www.fachhallenhaus.de\/wp-content\/uploads\/2021\/10\/img_8547-scaled.jpg?w=1920&amp;ssl=1 1920w, https:\/\/i0.wp.com\/www.fachhallenhaus.de\/wp-content\/uploads\/2021\/10\/img_8547-scaled.jpg?resize=225%2C300&amp;ssl=1 225w, https:\/\/i0.wp.com\/www.fachhallenhaus.de\/wp-content\/uploads\/2021\/10\/img_8547-scaled.jpg?resize=768%2C1024&amp;ssl=1 768w, https:\/\/i0.wp.com\/www.fachhallenhaus.de\/wp-content\/uploads\/2021\/10\/img_8547-scaled.jpg?resize=1152%2C1536&amp;ssl=1 1152w, https:\/\/i0.wp.com\/www.fachhallenhaus.de\/wp-content\/uploads\/2021\/10\/img_8547-scaled.jpg?resize=1536%2C2048&amp;ssl=1 1536w\" sizes=\"(max-width: 990px) 100vw, 990px\" data-recalc-dims=\"1\" \/><figcaption>Demontage<\/figcaption><\/figure>\n\n\n\n<figure class=\"wp-block-image size-large\"><img loading=\"lazy\" decoding=\"async\" width=\"990\" height=\"1320\" src=\"https:\/\/i0.wp.com\/fachhallenhaus.de\/wp-content\/uploads\/2021\/11\/wp-16358854440807243663978212603112-scaled.jpg?resize=990%2C1320\" alt=\"\" class=\"wp-image-666\" srcset=\"https:\/\/i0.wp.com\/www.fachhallenhaus.de\/wp-content\/uploads\/2021\/11\/wp-16358854440807243663978212603112-scaled.jpg?w=1920&amp;ssl=1 1920w, https:\/\/i0.wp.com\/www.fachhallenhaus.de\/wp-content\/uploads\/2021\/11\/wp-16358854440807243663978212603112-scaled.jpg?resize=225%2C300&amp;ssl=1 225w, https:\/\/i0.wp.com\/www.fachhallenhaus.de\/wp-content\/uploads\/2021\/11\/wp-16358854440807243663978212603112-scaled.jpg?resize=768%2C1024&amp;ssl=1 768w, https:\/\/i0.wp.com\/www.fachhallenhaus.de\/wp-content\/uploads\/2021\/11\/wp-16358854440807243663978212603112-scaled.jpg?resize=1152%2C1536&amp;ssl=1 1152w, https:\/\/i0.wp.com\/www.fachhallenhaus.de\/wp-content\/uploads\/2021\/11\/wp-16358854440807243663978212603112-scaled.jpg?resize=1536%2C2048&amp;ssl=1 1536w\" sizes=\"(max-width: 990px) 100vw, 990px\" data-recalc-dims=\"1\" \/><figcaption>Der erste Raum im Haus der frisch gestrichen wurde \ud83d\ude09<\/figcaption><\/figure>\n\n\n\n<figure class=\"wp-block-image size-large\"><img loading=\"lazy\" decoding=\"async\" width=\"990\" height=\"1320\" src=\"https:\/\/i0.wp.com\/fachhallenhaus.de\/wp-content\/uploads\/2021\/10\/wp-16349328852123853229575941133003-scaled.jpg?resize=990%2C1320\" alt=\"\" class=\"wp-image-629\" srcset=\"https:\/\/i0.wp.com\/www.fachhallenhaus.de\/wp-content\/uploads\/2021\/10\/wp-16349328852123853229575941133003-scaled.jpg?w=1920&amp;ssl=1 1920w, https:\/\/i0.wp.com\/www.fachhallenhaus.de\/wp-content\/uploads\/2021\/10\/wp-16349328852123853229575941133003-scaled.jpg?resize=225%2C300&amp;ssl=1 225w, https:\/\/i0.wp.com\/www.fachhallenhaus.de\/wp-content\/uploads\/2021\/10\/wp-16349328852123853229575941133003-scaled.jpg?resize=768%2C1024&amp;ssl=1 768w, https:\/\/i0.wp.com\/www.fachhallenhaus.de\/wp-content\/uploads\/2021\/10\/wp-16349328852123853229575941133003-scaled.jpg?resize=1152%2C1536&amp;ssl=1 1152w, https:\/\/i0.wp.com\/www.fachhallenhaus.de\/wp-content\/uploads\/2021\/10\/wp-16349328852123853229575941133003-scaled.jpg?resize=1536%2C2048&amp;ssl=1 1536w\" sizes=\"(max-width: 990px) 100vw, 990px\" data-recalc-dims=\"1\" \/><\/figure>\n\n\n\n<p>Da ist sie, die neue Gastherme. Sie bildet die Vorhut f\u00fcr unsere sp\u00e4tere Hybridheizung (Gas\/W\u00e4rmepumpe). Sie leistet schon mal beste Dienste. <\/p>\n\n\n\n<p>Warum so ein komplexes Heizungssystem? Es sollte seinen Beitrag f\u00fcrs Erreichen des KfW Standards f\u00fcr denkmalgesch\u00fctzte Geb\u00e4ude bringen. Eine reine W\u00e4rmepumpenl\u00f6sung w\u00e4re jedoch nicht wirtschaftlich, gibt es doch neben den Wandheizungen auch viele Radiatoren im Haus\/Werkstatt\/G\u00e4ste-WCs etc. Die Radiatoren erfordern eine h\u00f6here Vorlauftemperatur, die eine W\u00e4rmepumpe au\u00dferhalb ihres effizienten Bereichs bringen. Hier kommt die Gastherme ins Spiel um h\u00f6here Temperaturen, Spitzenlast und Brauchwasser zu erw\u00e4rmen. <\/p>\n","protected":false},"excerpt":{"rendered":"<p>Nat\u00fcrlich&#8230; das muss ja sein. &#8211; die alte Gasheizung muss noch ausfallen. Oh man! Ganz so dramatisch war es dann &hellip; <span class=\"more-button\"><a href=\"https:\/\/www.fachhallenhaus.de\/?p=668\" class=\"more-link\">Continue Reading<span class=\"screen-reader-text\">Heizungsausfall<\/span><\/a><\/span><\/p>\n","protected":false},"author":2,"featured_media":629,"comment_status":"closed","ping_status":"closed","sticky":false,"template":"","format":"standard","meta":{"footnotes":""},"categories":[4],"tags":[],"jetpack_sharing_enabled":true,"jetpack_featured_media_url":"https:\/\/i0.wp.com\/www.fachhallenhaus.de\/wp-content\/uploads\/2021\/10\/wp-16349328852123853229575941133003-scaled.jpg?fit=1920%2C2560&ssl=1","_links":{"self":[{"href":"https:\/\/www.fachhallenhaus.de\/index.php?rest_route=\/wp\/v2\/posts\/668"}],"collection":[{"href":"https:\/\/www.fachhallenhaus.de\/index.php?rest_route=\/wp\/v2\/posts"}],"about":[{"href":"https:\/\/www.fachhallenhaus.de\/index.php?rest_route=\/wp\/v2\/types\/post"}],"author":[{"embeddable":true,"href":"https:\/\/www.fachhallenhaus.de\/index.php?rest_route=\/wp\/v2\/users\/2"}],"replies":[{"embeddable":true,"href":"https:\/\/www.fachhallenhaus.de\/index.php?rest_route=%2Fwp%2Fv2%2Fcomments&post=668"}],"version-history":[{"count":1,"href":"https:\/\/www.fachhallenhaus.de\/index.php?rest_route=\/wp\/v2\/posts\/668\/revisions"}],"predecessor-version":[{"id":669,"href":"https:\/\/www.fachhallenhaus.de\/index.php?rest_route=\/wp\/v2\/posts\/668\/revisions\/669"}],"wp:featuredmedia":[{"embeddable":true,"href":"https:\/\/www.fachhallenhaus.de\/index.php?rest_route=\/wp\/v2\/media\/629"}],"wp:attachment":[{"href":"https:\/\/www.fachhallenhaus.de\/index.php?rest_route=%2Fwp%2Fv2%2Fmedia&parent=668"}],"wp:term":[{"taxonomy":"category","embeddable":true,"href":"https:\/\/www.fachhallenhaus.de\/index.php?rest_route=%2Fwp%2Fv2%2Fcategories&post=668"},{"taxonomy":"post_tag","embeddable":true,"href":"https:\/\/www.fachhallenhaus.de\/index.php?rest_route=%2Fwp%2Fv2%2Ftags&post=668"}],"curies":[{"name":"wp","href":"https:\/\/api.w.org\/{rel}","templated":true}]}}