{"id":457,"date":"2020-11-23T18:40:08","date_gmt":"2020-11-23T18:40:08","guid":{"rendered":"http:\/\/fachhallenhaus.de\/?p=457"},"modified":"2020-11-23T18:40:29","modified_gmt":"2020-11-23T18:40:29","slug":"die-mauer-muss-weg","status":"publish","type":"post","link":"https:\/\/www.fachhallenhaus.de\/?p=457","title":{"rendered":"Die Mauer muss weg"},"content":{"rendered":"\n<p>Bisher brachte unser Haus noch keine b\u00f6sen \u00dcberraschungen mit sich. Auch jetzt bei der Demontage trat nichts wirklich schlimmes auf. Einzig eine Wand erfordert etwas mehr Aufmerksamkeit als geplant. Schon beim Putz-Entfernen von einer Seite sah man die verschiedenen Durchbr\u00fcche aus der letzten 200Jahren. Da war eine alte T\u00fcr und diverse \u00d6fen samt Durchtritt sowie der Schornstein, den wir ja schon vor einer Weile entfernt haben. Beim Entfernen des Putzes auf der anderen Seite der Wand zeigte sich jedoch, dass sie sehr instabil ist. Ein einfaches Anstubsen gen\u00fcgt um ein bedrohliches Schwanken hervor zu rufen. Besser wir machen das neu. Einzig auf die aussteifende Wirkung von Putz zu vertrauen f\u00fchlt sich komisch an&#8230;<\/p>\n\n\n\n<figure class=\"wp-block-image size-large\"><img loading=\"lazy\" decoding=\"async\" width=\"990\" height=\"743\" src=\"https:\/\/i0.wp.com\/fachhallenhaus.de\/wp-content\/uploads\/2020\/11\/20201123_092055-scaled.jpg?resize=990%2C743\" alt=\"\" class=\"wp-image-456\" srcset=\"https:\/\/i0.wp.com\/www.fachhallenhaus.de\/wp-content\/uploads\/2020\/11\/20201123_092055-scaled.jpg?w=2560&amp;ssl=1 2560w, https:\/\/i0.wp.com\/www.fachhallenhaus.de\/wp-content\/uploads\/2020\/11\/20201123_092055-scaled.jpg?resize=300%2C225&amp;ssl=1 300w, https:\/\/i0.wp.com\/www.fachhallenhaus.de\/wp-content\/uploads\/2020\/11\/20201123_092055-scaled.jpg?resize=1024%2C768&amp;ssl=1 1024w, https:\/\/i0.wp.com\/www.fachhallenhaus.de\/wp-content\/uploads\/2020\/11\/20201123_092055-scaled.jpg?resize=768%2C576&amp;ssl=1 768w, https:\/\/i0.wp.com\/www.fachhallenhaus.de\/wp-content\/uploads\/2020\/11\/20201123_092055-scaled.jpg?resize=1536%2C1152&amp;ssl=1 1536w, https:\/\/i0.wp.com\/www.fachhallenhaus.de\/wp-content\/uploads\/2020\/11\/20201123_092055-scaled.jpg?w=1980&amp;ssl=1 1980w\" sizes=\"(max-width: 990px) 100vw, 990px\" data-recalc-dims=\"1\" \/><figcaption>Durchtritt f\u00fcr Ofen, alte T\u00fcr und alert Schornstein sind zu erkennen <\/figcaption><\/figure>\n\n\n\n<p>Sicherheit spielt nat\u00fcrlich eine gro\u00dfe Rolle. Daher wurde die Wand zun\u00e4chst geschient und vorsichtig Stein f\u00fcr Stein abgebaut. Erstaunlich  wie lose das alles aufeinander liegt&#8230;<\/p>\n\n\n\n<figure class=\"wp-block-image size-large\"><img loading=\"lazy\" decoding=\"async\" width=\"990\" height=\"1320\" src=\"https:\/\/i0.wp.com\/fachhallenhaus.de\/wp-content\/uploads\/2020\/11\/20201123_131840915356758642908977-scaled.jpg?resize=990%2C1320\" alt=\"\" class=\"wp-image-454\" srcset=\"https:\/\/i0.wp.com\/www.fachhallenhaus.de\/wp-content\/uploads\/2020\/11\/20201123_131840915356758642908977-scaled.jpg?w=1920&amp;ssl=1 1920w, https:\/\/i0.wp.com\/www.fachhallenhaus.de\/wp-content\/uploads\/2020\/11\/20201123_131840915356758642908977-scaled.jpg?resize=225%2C300&amp;ssl=1 225w, https:\/\/i0.wp.com\/www.fachhallenhaus.de\/wp-content\/uploads\/2020\/11\/20201123_131840915356758642908977-scaled.jpg?resize=1152%2C1536&amp;ssl=1 1152w, https:\/\/i0.wp.com\/www.fachhallenhaus.de\/wp-content\/uploads\/2020\/11\/20201123_131840915356758642908977-scaled.jpg?resize=1536%2C2048&amp;ssl=1 1536w\" sizes=\"(max-width: 990px) 100vw, 990px\" data-recalc-dims=\"1\" \/><\/figure>\n\n\n\n<p>Zum Abend hin ist dann schon ein gro\u00dfes Loch in der Wand. Morgen geht&#8217;s weiter<\/p>\n\n\n\n<figure class=\"wp-block-image size-large\"><img loading=\"lazy\" decoding=\"async\" width=\"990\" height=\"743\" src=\"https:\/\/i0.wp.com\/fachhallenhaus.de\/wp-content\/uploads\/2020\/11\/20201123_163713-scaled.jpg?resize=990%2C743\" alt=\"\" class=\"wp-image-455\" srcset=\"https:\/\/i0.wp.com\/www.fachhallenhaus.de\/wp-content\/uploads\/2020\/11\/20201123_163713-scaled.jpg?w=2560&amp;ssl=1 2560w, https:\/\/i0.wp.com\/www.fachhallenhaus.de\/wp-content\/uploads\/2020\/11\/20201123_163713-scaled.jpg?resize=300%2C225&amp;ssl=1 300w, https:\/\/i0.wp.com\/www.fachhallenhaus.de\/wp-content\/uploads\/2020\/11\/20201123_163713-scaled.jpg?resize=1024%2C768&amp;ssl=1 1024w, https:\/\/i0.wp.com\/www.fachhallenhaus.de\/wp-content\/uploads\/2020\/11\/20201123_163713-scaled.jpg?resize=768%2C576&amp;ssl=1 768w, https:\/\/i0.wp.com\/www.fachhallenhaus.de\/wp-content\/uploads\/2020\/11\/20201123_163713-scaled.jpg?resize=1536%2C1152&amp;ssl=1 1536w, https:\/\/i0.wp.com\/www.fachhallenhaus.de\/wp-content\/uploads\/2020\/11\/20201123_163713-scaled.jpg?resize=2048%2C1536&amp;ssl=1 2048w, https:\/\/i0.wp.com\/www.fachhallenhaus.de\/wp-content\/uploads\/2020\/11\/20201123_163713-scaled.jpg?w=1980&amp;ssl=1 1980w\" sizes=\"(max-width: 990px) 100vw, 990px\" data-recalc-dims=\"1\" \/><\/figure>\n\n\n\n<figure class=\"wp-block-image size-large\"><img loading=\"lazy\" decoding=\"async\" width=\"990\" height=\"743\" src=\"https:\/\/i0.wp.com\/fachhallenhaus.de\/wp-content\/uploads\/2020\/11\/20201123_163743-scaled.jpg?resize=990%2C743\" alt=\"\" class=\"wp-image-453\" srcset=\"https:\/\/i0.wp.com\/www.fachhallenhaus.de\/wp-content\/uploads\/2020\/11\/20201123_163743-scaled.jpg?w=2560&amp;ssl=1 2560w, https:\/\/i0.wp.com\/www.fachhallenhaus.de\/wp-content\/uploads\/2020\/11\/20201123_163743-scaled.jpg?resize=300%2C225&amp;ssl=1 300w, https:\/\/i0.wp.com\/www.fachhallenhaus.de\/wp-content\/uploads\/2020\/11\/20201123_163743-scaled.jpg?resize=1024%2C768&amp;ssl=1 1024w, https:\/\/i0.wp.com\/www.fachhallenhaus.de\/wp-content\/uploads\/2020\/11\/20201123_163743-scaled.jpg?resize=768%2C576&amp;ssl=1 768w, https:\/\/i0.wp.com\/www.fachhallenhaus.de\/wp-content\/uploads\/2020\/11\/20201123_163743-scaled.jpg?resize=1536%2C1152&amp;ssl=1 1536w, https:\/\/i0.wp.com\/www.fachhallenhaus.de\/wp-content\/uploads\/2020\/11\/20201123_163743-scaled.jpg?resize=2048%2C1536&amp;ssl=1 2048w, https:\/\/i0.wp.com\/www.fachhallenhaus.de\/wp-content\/uploads\/2020\/11\/20201123_163743-scaled.jpg?w=1980&amp;ssl=1 1980w\" sizes=\"(max-width: 990px) 100vw, 990px\" data-recalc-dims=\"1\" \/><\/figure>\n","protected":false},"excerpt":{"rendered":"<p>Bisher brachte unser Haus noch keine b\u00f6sen \u00dcberraschungen mit sich. Auch jetzt bei der Demontage trat nichts wirklich schlimmes auf. &hellip; <span class=\"more-button\"><a href=\"https:\/\/www.fachhallenhaus.de\/?p=457\" class=\"more-link\">Continue Reading<span class=\"screen-reader-text\">Die Mauer muss weg<\/span><\/a><\/span><\/p>\n","protected":false},"author":2,"featured_media":456,"comment_status":"closed","ping_status":"closed","sticky":false,"template":"","format":"standard","meta":{"footnotes":""},"categories":[1],"tags":[],"jetpack_sharing_enabled":true,"jetpack_featured_media_url":"https:\/\/i0.wp.com\/www.fachhallenhaus.de\/wp-content\/uploads\/2020\/11\/20201123_092055-scaled.jpg?fit=2560%2C1920&ssl=1","_links":{"self":[{"href":"https:\/\/www.fachhallenhaus.de\/index.php?rest_route=\/wp\/v2\/posts\/457"}],"collection":[{"href":"https:\/\/www.fachhallenhaus.de\/index.php?rest_route=\/wp\/v2\/posts"}],"about":[{"href":"https:\/\/www.fachhallenhaus.de\/index.php?rest_route=\/wp\/v2\/types\/post"}],"author":[{"embeddable":true,"href":"https:\/\/www.fachhallenhaus.de\/index.php?rest_route=\/wp\/v2\/users\/2"}],"replies":[{"embeddable":true,"href":"https:\/\/www.fachhallenhaus.de\/index.php?rest_route=%2Fwp%2Fv2%2Fcomments&post=457"}],"version-history":[{"count":1,"href":"https:\/\/www.fachhallenhaus.de\/index.php?rest_route=\/wp\/v2\/posts\/457\/revisions"}],"predecessor-version":[{"id":458,"href":"https:\/\/www.fachhallenhaus.de\/index.php?rest_route=\/wp\/v2\/posts\/457\/revisions\/458"}],"wp:featuredmedia":[{"embeddable":true,"href":"https:\/\/www.fachhallenhaus.de\/index.php?rest_route=\/wp\/v2\/media\/456"}],"wp:attachment":[{"href":"https:\/\/www.fachhallenhaus.de\/index.php?rest_route=%2Fwp%2Fv2%2Fmedia&parent=457"}],"wp:term":[{"taxonomy":"category","embeddable":true,"href":"https:\/\/www.fachhallenhaus.de\/index.php?rest_route=%2Fwp%2Fv2%2Fcategories&post=457"},{"taxonomy":"post_tag","embeddable":true,"href":"https:\/\/www.fachhallenhaus.de\/index.php?rest_route=%2Fwp%2Fv2%2Ftags&post=457"}],"curies":[{"name":"wp","href":"https:\/\/api.w.org\/{rel}","templated":true}]}}