{"id":448,"date":"2020-11-16T16:42:50","date_gmt":"2020-11-16T16:42:50","guid":{"rendered":"http:\/\/fachhallenhaus.de\/?p=448"},"modified":"2020-11-16T16:43:26","modified_gmt":"2020-11-16T16:43:26","slug":"demontage","status":"publish","type":"post","link":"https:\/\/www.fachhallenhaus.de\/?p=448","title":{"rendered":"Demontage"},"content":{"rendered":"\n<p>Bevor es sch\u00f6n wird, muss erstmal gew\u00fctet werden. Und das hei\u00dft in unserem Fall so einiges an Arbeit.<\/p>\n\n\n\n<p> Putz runter, und zwar \u00fcberall&#8230; Das sind so an die 300m2. H\u00e4sslich war es vorher sicher nicht, aber der Lehmputz erfordert nun mal einen tragf\u00e4higen Untergrund und da es hier alles m\u00f6gliche an Putz gibt, war es am einfachsten, alles zu entfernen. R\u00fcckblickend eine weise Entscheidung. Zeigte sich doch an mancher Stelle, dass nicht nur Kalkputz, sondern auch Zementputz und sogar Gips verwendet wurde. Letztere ist gar nicht gut f\u00fcrs Mauerwerk und dessen Feuchtehaushalt.<\/p>\n\n\n\n<figure class=\"wp-block-image size-large\"><img loading=\"lazy\" decoding=\"async\" width=\"990\" height=\"743\" src=\"https:\/\/i0.wp.com\/fachhallenhaus.de\/wp-content\/uploads\/2020\/09\/20200910_160855.jpg?resize=990%2C743\" alt=\"\" class=\"wp-image-357\" srcset=\"https:\/\/i0.wp.com\/www.fachhallenhaus.de\/wp-content\/uploads\/2020\/09\/20200910_160855.jpg?w=4608&amp;ssl=1 4608w, https:\/\/i0.wp.com\/www.fachhallenhaus.de\/wp-content\/uploads\/2020\/09\/20200910_160855.jpg?resize=300%2C225&amp;ssl=1 300w, https:\/\/i0.wp.com\/www.fachhallenhaus.de\/wp-content\/uploads\/2020\/09\/20200910_160855.jpg?resize=768%2C576&amp;ssl=1 768w, https:\/\/i0.wp.com\/www.fachhallenhaus.de\/wp-content\/uploads\/2020\/09\/20200910_160855.jpg?resize=1536%2C1152&amp;ssl=1 1536w, https:\/\/i0.wp.com\/www.fachhallenhaus.de\/wp-content\/uploads\/2020\/09\/20200910_160855.jpg?resize=2048%2C1536&amp;ssl=1 2048w, https:\/\/i0.wp.com\/www.fachhallenhaus.de\/wp-content\/uploads\/2020\/09\/20200910_160855.jpg?w=1980&amp;ssl=1 1980w, https:\/\/i0.wp.com\/www.fachhallenhaus.de\/wp-content\/uploads\/2020\/09\/20200910_160855.jpg?w=2970&amp;ssl=1 2970w\" sizes=\"(max-width: 990px) 100vw, 990px\" data-recalc-dims=\"1\" \/><figcaption>Diese Wand muss wohl neu gemauert werden. Die vielen \u00d6ffnungen f\u00fcr Ofen und eine ehemalige T\u00fcr haben ihr jegliche Stabilit\u00e4t geraubt. Der Putz hat sie noch zusammen gehalten. Jetzt wackelt sie aber bedenklich&#8230;<\/figcaption><\/figure>\n\n\n\n<figure class=\"wp-block-image size-large\"><img loading=\"lazy\" decoding=\"async\" width=\"990\" height=\"1320\" src=\"https:\/\/i0.wp.com\/fachhallenhaus.de\/wp-content\/uploads\/2020\/11\/wp-16055415788241240413071171137434-scaled.jpg?resize=990%2C1320\" alt=\"\" class=\"wp-image-439\" srcset=\"https:\/\/i0.wp.com\/www.fachhallenhaus.de\/wp-content\/uploads\/2020\/11\/wp-16055415788241240413071171137434-scaled.jpg?w=1920&amp;ssl=1 1920w, https:\/\/i0.wp.com\/www.fachhallenhaus.de\/wp-content\/uploads\/2020\/11\/wp-16055415788241240413071171137434-scaled.jpg?resize=225%2C300&amp;ssl=1 225w, https:\/\/i0.wp.com\/www.fachhallenhaus.de\/wp-content\/uploads\/2020\/11\/wp-16055415788241240413071171137434-scaled.jpg?resize=1152%2C1536&amp;ssl=1 1152w, https:\/\/i0.wp.com\/www.fachhallenhaus.de\/wp-content\/uploads\/2020\/11\/wp-16055415788241240413071171137434-scaled.jpg?resize=1536%2C2048&amp;ssl=1 1536w\" sizes=\"(max-width: 990px) 100vw, 990px\" data-recalc-dims=\"1\" \/><figcaption>Ein M\u00e4uschen lebte auf dem WC Element und sie hat sich offenbar in einer Nussschale ein gem\u00fctliches Nest gebaut aus Zeitung und D\u00e4mmwolle<\/figcaption><\/figure>\n\n\n\n<figure class=\"wp-block-image size-large\"><img loading=\"lazy\" decoding=\"async\" width=\"990\" height=\"1320\" src=\"https:\/\/i0.wp.com\/fachhallenhaus.de\/wp-content\/uploads\/2020\/11\/wp-1605541579413216059428694419189-scaled.jpg?resize=990%2C1320\" alt=\"\" class=\"wp-image-440\" srcset=\"https:\/\/i0.wp.com\/www.fachhallenhaus.de\/wp-content\/uploads\/2020\/11\/wp-1605541579413216059428694419189-scaled.jpg?w=1920&amp;ssl=1 1920w, https:\/\/i0.wp.com\/www.fachhallenhaus.de\/wp-content\/uploads\/2020\/11\/wp-1605541579413216059428694419189-scaled.jpg?resize=225%2C300&amp;ssl=1 225w, https:\/\/i0.wp.com\/www.fachhallenhaus.de\/wp-content\/uploads\/2020\/11\/wp-1605541579413216059428694419189-scaled.jpg?resize=1152%2C1536&amp;ssl=1 1152w, https:\/\/i0.wp.com\/www.fachhallenhaus.de\/wp-content\/uploads\/2020\/11\/wp-1605541579413216059428694419189-scaled.jpg?resize=1536%2C2048&amp;ssl=1 1536w\" sizes=\"(max-width: 990px) 100vw, 990px\" data-recalc-dims=\"1\" \/><figcaption>Unser Badezimmer mit Durchbruch zum Schlafzimmer, ohne Trockenbau und bereits mit neuem Fenster<\/figcaption><\/figure>\n\n\n\n<p>Boden raus ist Nummer 2&#8230; Wir berichteten ja bereits von der Demontage der Dielen, die nun ihren Einsatz im Backhaus haben. Unter den Dielen findet sich dann in jedem Raum etwas anderes. Weitere Dielen, Estrich, darunter nochmal Estrich, darunter Ziegel und irgendwann kommt Sand. Alles muss raus, damit unser Schaumglasschotter hier Platz findet und gut d\u00e4mmen kann.<\/p>\n\n\n\n<figure class=\"wp-block-image size-large\"><img loading=\"lazy\" decoding=\"async\" width=\"990\" height=\"1320\" src=\"https:\/\/i0.wp.com\/fachhallenhaus.de\/wp-content\/uploads\/2020\/11\/20201103_134416981281207647987044-scaled.jpg?resize=990%2C1320\" alt=\"\" class=\"wp-image-417\" srcset=\"https:\/\/i0.wp.com\/www.fachhallenhaus.de\/wp-content\/uploads\/2020\/11\/20201103_134416981281207647987044-scaled.jpg?w=1920&amp;ssl=1 1920w, https:\/\/i0.wp.com\/www.fachhallenhaus.de\/wp-content\/uploads\/2020\/11\/20201103_134416981281207647987044-scaled.jpg?resize=225%2C300&amp;ssl=1 225w, https:\/\/i0.wp.com\/www.fachhallenhaus.de\/wp-content\/uploads\/2020\/11\/20201103_134416981281207647987044-scaled.jpg?resize=768%2C1024&amp;ssl=1 768w, https:\/\/i0.wp.com\/www.fachhallenhaus.de\/wp-content\/uploads\/2020\/11\/20201103_134416981281207647987044-scaled.jpg?resize=1152%2C1536&amp;ssl=1 1152w, https:\/\/i0.wp.com\/www.fachhallenhaus.de\/wp-content\/uploads\/2020\/11\/20201103_134416981281207647987044-scaled.jpg?resize=1536%2C2048&amp;ssl=1 1536w\" sizes=\"(max-width: 990px) 100vw, 990px\" data-recalc-dims=\"1\" \/><figcaption>Ziegel mit Zementestrich<\/figcaption><\/figure>\n\n\n\n<figure class=\"wp-block-image size-large\"><img loading=\"lazy\" decoding=\"async\" width=\"990\" height=\"743\" src=\"https:\/\/i0.wp.com\/fachhallenhaus.de\/wp-content\/uploads\/2020\/11\/wp-1605028228374-scaled.jpg?resize=990%2C743\" alt=\"\" class=\"wp-image-429\" srcset=\"https:\/\/i0.wp.com\/www.fachhallenhaus.de\/wp-content\/uploads\/2020\/11\/wp-1605028228374-scaled.jpg?w=2560&amp;ssl=1 2560w, https:\/\/i0.wp.com\/www.fachhallenhaus.de\/wp-content\/uploads\/2020\/11\/wp-1605028228374-scaled.jpg?resize=300%2C225&amp;ssl=1 300w, https:\/\/i0.wp.com\/www.fachhallenhaus.de\/wp-content\/uploads\/2020\/11\/wp-1605028228374-scaled.jpg?resize=768%2C576&amp;ssl=1 768w, https:\/\/i0.wp.com\/www.fachhallenhaus.de\/wp-content\/uploads\/2020\/11\/wp-1605028228374-scaled.jpg?resize=1536%2C1152&amp;ssl=1 1536w, https:\/\/i0.wp.com\/www.fachhallenhaus.de\/wp-content\/uploads\/2020\/11\/wp-1605028228374-scaled.jpg?resize=2048%2C1536&amp;ssl=1 2048w, https:\/\/i0.wp.com\/www.fachhallenhaus.de\/wp-content\/uploads\/2020\/11\/wp-1605028228374-scaled.jpg?resize=755%2C566&amp;ssl=1 755w, https:\/\/i0.wp.com\/www.fachhallenhaus.de\/wp-content\/uploads\/2020\/11\/wp-1605028228374-scaled.jpg?w=1980&amp;ssl=1 1980w\" sizes=\"(max-width: 990px) 100vw, 990px\" data-recalc-dims=\"1\" \/><figcaption>&#8222;Nur noch&#8220; Sand<\/figcaption><\/figure>\n\n\n\n<p>Am Dachboden wartete auch noch so ein Monster auf uns. Eine R\u00e4ucherkammer, die lang nicht mehr genutzt wurde und f\u00fcr uns auch nicht ben\u00f6tigt wird. Zuletzt h\u00f6rte ich noch eine Geschichte, dass im einem anderen Haus in der R\u00e4ucherkammer die Kinder zur Strafe eingesperrt wurden. Puh, schrecklich. Das mag ich mir lieber nicht vorstellen, lieber weg mit dem Ding.<\/p>\n\n\n\n<figure class=\"wp-block-image size-large\"><img loading=\"lazy\" decoding=\"async\" width=\"990\" height=\"743\" src=\"https:\/\/i0.wp.com\/fachhallenhaus.de\/wp-content\/uploads\/2020\/11\/wp-1605541578661-scaled.jpg?resize=990%2C743\" alt=\"\" class=\"wp-image-442\" srcset=\"https:\/\/i0.wp.com\/www.fachhallenhaus.de\/wp-content\/uploads\/2020\/11\/wp-1605541578661-scaled.jpg?w=2560&amp;ssl=1 2560w, https:\/\/i0.wp.com\/www.fachhallenhaus.de\/wp-content\/uploads\/2020\/11\/wp-1605541578661-scaled.jpg?resize=300%2C225&amp;ssl=1 300w, https:\/\/i0.wp.com\/www.fachhallenhaus.de\/wp-content\/uploads\/2020\/11\/wp-1605541578661-scaled.jpg?resize=768%2C576&amp;ssl=1 768w, https:\/\/i0.wp.com\/www.fachhallenhaus.de\/wp-content\/uploads\/2020\/11\/wp-1605541578661-scaled.jpg?resize=1536%2C1152&amp;ssl=1 1536w, https:\/\/i0.wp.com\/www.fachhallenhaus.de\/wp-content\/uploads\/2020\/11\/wp-1605541578661-scaled.jpg?resize=2048%2C1536&amp;ssl=1 2048w, https:\/\/i0.wp.com\/www.fachhallenhaus.de\/wp-content\/uploads\/2020\/11\/wp-1605541578661-scaled.jpg?resize=755%2C566&amp;ssl=1 755w, https:\/\/i0.wp.com\/www.fachhallenhaus.de\/wp-content\/uploads\/2020\/11\/wp-1605541578661-scaled.jpg?w=1980&amp;ssl=1 1980w\" sizes=\"(max-width: 990px) 100vw, 990px\" data-recalc-dims=\"1\" \/><figcaption>So sieht es aus wie eine Bar. In dieser Funktion k\u00f6nnte die eigentlich bleiben \ud83d\ude42 &#8211; aber wer braucht schon eine Bar auf dem Dachboden <\/figcaption><\/figure>\n\n\n\n<figure class=\"wp-block-image size-large\"><img loading=\"lazy\" decoding=\"async\" width=\"990\" height=\"1320\" src=\"https:\/\/i0.wp.com\/fachhallenhaus.de\/wp-content\/uploads\/2020\/11\/wp-16055415774055187970837749196248-scaled.jpg?resize=990%2C1320\" alt=\"\" class=\"wp-image-438\" srcset=\"https:\/\/i0.wp.com\/www.fachhallenhaus.de\/wp-content\/uploads\/2020\/11\/wp-16055415774055187970837749196248-scaled.jpg?w=1920&amp;ssl=1 1920w, https:\/\/i0.wp.com\/www.fachhallenhaus.de\/wp-content\/uploads\/2020\/11\/wp-16055415774055187970837749196248-scaled.jpg?resize=225%2C300&amp;ssl=1 225w, https:\/\/i0.wp.com\/www.fachhallenhaus.de\/wp-content\/uploads\/2020\/11\/wp-16055415774055187970837749196248-scaled.jpg?resize=1152%2C1536&amp;ssl=1 1152w, https:\/\/i0.wp.com\/www.fachhallenhaus.de\/wp-content\/uploads\/2020\/11\/wp-16055415774055187970837749196248-scaled.jpg?resize=1536%2C2048&amp;ssl=1 1536w\" sizes=\"(max-width: 990px) 100vw, 990px\" data-recalc-dims=\"1\" \/><\/figure>\n\n\n\n<figure class=\"wp-block-image size-large\"><img loading=\"lazy\" decoding=\"async\" width=\"990\" height=\"1320\" src=\"https:\/\/i0.wp.com\/fachhallenhaus.de\/wp-content\/uploads\/2020\/11\/wp-16055415779976141809205607863057-scaled.jpg?resize=990%2C1320\" alt=\"\" class=\"wp-image-441\" srcset=\"https:\/\/i0.wp.com\/www.fachhallenhaus.de\/wp-content\/uploads\/2020\/11\/wp-16055415779976141809205607863057-scaled.jpg?w=1920&amp;ssl=1 1920w, https:\/\/i0.wp.com\/www.fachhallenhaus.de\/wp-content\/uploads\/2020\/11\/wp-16055415779976141809205607863057-scaled.jpg?resize=225%2C300&amp;ssl=1 225w, https:\/\/i0.wp.com\/www.fachhallenhaus.de\/wp-content\/uploads\/2020\/11\/wp-16055415779976141809205607863057-scaled.jpg?resize=1152%2C1536&amp;ssl=1 1152w, https:\/\/i0.wp.com\/www.fachhallenhaus.de\/wp-content\/uploads\/2020\/11\/wp-16055415779976141809205607863057-scaled.jpg?resize=1536%2C2048&amp;ssl=1 1536w\" sizes=\"(max-width: 990px) 100vw, 990px\" data-recalc-dims=\"1\" \/><figcaption>Das Fenster &#8222;Modell Kerker&#8220;, wie es Sebastian getauft hat, war mit aller Zeitung eingebaut worden. Die Bildzeitung von damals verr\u00e4t uns den 26. Februar 1954<\/figcaption><\/figure>\n\n\n\n<figure class=\"wp-block-image size-large\"><img loading=\"lazy\" decoding=\"async\" width=\"990\" height=\"1320\" src=\"https:\/\/i0.wp.com\/fachhallenhaus.de\/wp-content\/uploads\/2020\/11\/wp-16055445282222360608499010576015-scaled.jpg?resize=990%2C1320\" alt=\"\" class=\"wp-image-450\" srcset=\"https:\/\/i0.wp.com\/www.fachhallenhaus.de\/wp-content\/uploads\/2020\/11\/wp-16055445282222360608499010576015-scaled.jpg?w=1920&amp;ssl=1 1920w, https:\/\/i0.wp.com\/www.fachhallenhaus.de\/wp-content\/uploads\/2020\/11\/wp-16055445282222360608499010576015-scaled.jpg?resize=225%2C300&amp;ssl=1 225w, https:\/\/i0.wp.com\/www.fachhallenhaus.de\/wp-content\/uploads\/2020\/11\/wp-16055445282222360608499010576015-scaled.jpg?resize=768%2C1024&amp;ssl=1 768w, https:\/\/i0.wp.com\/www.fachhallenhaus.de\/wp-content\/uploads\/2020\/11\/wp-16055445282222360608499010576015-scaled.jpg?resize=1152%2C1536&amp;ssl=1 1152w, https:\/\/i0.wp.com\/www.fachhallenhaus.de\/wp-content\/uploads\/2020\/11\/wp-16055445282222360608499010576015-scaled.jpg?resize=1536%2C2048&amp;ssl=1 1536w\" sizes=\"(max-width: 990px) 100vw, 990px\" data-recalc-dims=\"1\" \/><figcaption>Dann mal guten Appetit <\/figcaption><\/figure>\n\n\n\n<figure class=\"wp-block-video\"><video controls src=\"http:\/\/fachhallenhaus.de\/wp-content\/uploads\/2020\/11\/wp-1605541580017.mp4\"><\/video><figcaption>Bestens gesichert beim Abseilen der Ziegel mit dem Flaschenzug<\/figcaption><\/figure>\n","protected":false},"excerpt":{"rendered":"<p>Bevor es sch\u00f6n wird, muss erstmal gew\u00fctet werden. Und das hei\u00dft in unserem Fall so einiges an Arbeit. Putz runter, &hellip; <span class=\"more-button\"><a href=\"https:\/\/www.fachhallenhaus.de\/?p=448\" class=\"more-link\">Continue Reading<span class=\"screen-reader-text\">Demontage<\/span><\/a><\/span><\/p>\n","protected":false},"author":2,"featured_media":417,"comment_status":"closed","ping_status":"closed","sticky":false,"template":"","format":"standard","meta":{"footnotes":""},"categories":[1],"tags":[],"jetpack_sharing_enabled":true,"jetpack_featured_media_url":"https:\/\/i0.wp.com\/www.fachhallenhaus.de\/wp-content\/uploads\/2020\/11\/20201103_134416981281207647987044-scaled.jpg?fit=1920%2C2560&ssl=1","_links":{"self":[{"href":"https:\/\/www.fachhallenhaus.de\/index.php?rest_route=\/wp\/v2\/posts\/448"}],"collection":[{"href":"https:\/\/www.fachhallenhaus.de\/index.php?rest_route=\/wp\/v2\/posts"}],"about":[{"href":"https:\/\/www.fachhallenhaus.de\/index.php?rest_route=\/wp\/v2\/types\/post"}],"author":[{"embeddable":true,"href":"https:\/\/www.fachhallenhaus.de\/index.php?rest_route=\/wp\/v2\/users\/2"}],"replies":[{"embeddable":true,"href":"https:\/\/www.fachhallenhaus.de\/index.php?rest_route=%2Fwp%2Fv2%2Fcomments&post=448"}],"version-history":[{"count":3,"href":"https:\/\/www.fachhallenhaus.de\/index.php?rest_route=\/wp\/v2\/posts\/448\/revisions"}],"predecessor-version":[{"id":452,"href":"https:\/\/www.fachhallenhaus.de\/index.php?rest_route=\/wp\/v2\/posts\/448\/revisions\/452"}],"wp:featuredmedia":[{"embeddable":true,"href":"https:\/\/www.fachhallenhaus.de\/index.php?rest_route=\/wp\/v2\/media\/417"}],"wp:attachment":[{"href":"https:\/\/www.fachhallenhaus.de\/index.php?rest_route=%2Fwp%2Fv2%2Fmedia&parent=448"}],"wp:term":[{"taxonomy":"category","embeddable":true,"href":"https:\/\/www.fachhallenhaus.de\/index.php?rest_route=%2Fwp%2Fv2%2Fcategories&post=448"},{"taxonomy":"post_tag","embeddable":true,"href":"https:\/\/www.fachhallenhaus.de\/index.php?rest_route=%2Fwp%2Fv2%2Ftags&post=448"}],"curies":[{"name":"wp","href":"https:\/\/api.w.org\/{rel}","templated":true}]}}