{"id":413,"date":"2020-10-31T17:58:05","date_gmt":"2020-10-31T17:58:05","guid":{"rendered":"http:\/\/fachhallenhaus.de\/?p=413"},"modified":"2020-10-31T17:59:07","modified_gmt":"2020-10-31T17:59:07","slug":"neue-fenster-im-deichhof","status":"publish","type":"post","link":"https:\/\/www.fachhallenhaus.de\/?p=413","title":{"rendered":"Neue Fenster im Deichhof"},"content":{"rendered":"\n<p>Bereits im August hat unser sehr netter Nachbar Torsten Speer die Mauer\u00f6ffnungen f\u00fcr unsere neuen Fenster ausgemessen. Torsten Speer k\u00fcmmert sich beruflich mit seinem Team um Antiquit\u00e4ten und sonstige sch\u00f6ne Dinge aus Holz. Zudem erstellt er Raumkonzepte und begleitet diese auch bis zur Fertigstellung.<\/p>\n\n\n\n<p>Nach der Angebotserstellung f\u00fcr unsere Fesnter und der Best\u00e4tigung durch die obere Denkmalschutzbeh\u00f6rde in Kiel haben wir die Fenster im August bestellt. Wir haben uns f\u00fcr ein klassisches Hamburger Fenster mit Doppelverglasung entschieden. Zwar sind die Streben auf den Fenstern nur aufgesetzt jedoch ist optisch kaum ein Unterschied festzustellen. <\/p>\n\n\n\n<p>Dann hie\u00df es warten bis alle 14 Fenster exakt nach unseren Vorstellungen Millimeter genau gefertigt wurden. Geliefert wurden die Fenster dann Ende September. <\/p>\n\n\n\n<p>Seit Anfang Oktober bauen Torsten und ich nun  erstmal alle unteren Fenster ein. Dazu zers\u00e4gen wir die alten Blockzargen aus 16x10cm Fichtenholz mit einer Pendelhubs\u00e4ge und entfernen die Zargen. <\/p>\n\n\n\n<figure class=\"wp-block-image size-large\"><img loading=\"lazy\" decoding=\"async\" width=\"990\" height=\"743\" src=\"https:\/\/i0.wp.com\/fachhallenhaus.de\/wp-content\/uploads\/2020\/10\/20201009_135702-scaled.jpg?resize=990%2C743\" alt=\"\" class=\"wp-image-390\" srcset=\"https:\/\/i0.wp.com\/www.fachhallenhaus.de\/wp-content\/uploads\/2020\/10\/20201009_135702-scaled.jpg?w=2560&amp;ssl=1 2560w, https:\/\/i0.wp.com\/www.fachhallenhaus.de\/wp-content\/uploads\/2020\/10\/20201009_135702-scaled.jpg?resize=300%2C225&amp;ssl=1 300w, https:\/\/i0.wp.com\/www.fachhallenhaus.de\/wp-content\/uploads\/2020\/10\/20201009_135702-scaled.jpg?resize=768%2C576&amp;ssl=1 768w, https:\/\/i0.wp.com\/www.fachhallenhaus.de\/wp-content\/uploads\/2020\/10\/20201009_135702-scaled.jpg?resize=1536%2C1152&amp;ssl=1 1536w, https:\/\/i0.wp.com\/www.fachhallenhaus.de\/wp-content\/uploads\/2020\/10\/20201009_135702-scaled.jpg?resize=2048%2C1536&amp;ssl=1 2048w, https:\/\/i0.wp.com\/www.fachhallenhaus.de\/wp-content\/uploads\/2020\/10\/20201009_135702-scaled.jpg?resize=755%2C566&amp;ssl=1 755w, https:\/\/i0.wp.com\/www.fachhallenhaus.de\/wp-content\/uploads\/2020\/10\/20201009_135702-scaled.jpg?w=1980&amp;ssl=1 1980w\" sizes=\"(max-width: 990px) 100vw, 990px\" data-recalc-dims=\"1\" \/><\/figure>\n\n\n\n<p>Bei den Fenstern mit den Fensterl\u00e4den haben wir zudem die daf\u00fcr vorgesehenen K\u00e4sten demontiert, da diese sp\u00e4ter wieder verbaut werden sollen. Danach bereiten wir das Mauerwerk f\u00fcr den Neueinbau vor. Dabei fiel uns bei zwei Fenster auf, dass die dar\u00fcberliegenden Grenadierst\u00fcrze etwas locker sind und wir deshalb an diesen Fenstern erst die St\u00fcrze reparieren lassen m\u00fcssen. Nachdem die Fenster dann mit allen Dichtb\u00e4ndern vorbereitet wurden, stellen wir diese in die Mauer\u00f6ffnungen und richten die Fenster aus. Da keine unserer Fenster\u00f6ffnungen gerade ist erfordert das Ausrichten immer etwas Fingerspitzengef\u00fchl f\u00fcr die alte Bausubstanz und stellt immer einen Kompromiss dar. Nach dem Einsch\u00e4umen und dem Setzen der Maueranker ist es dann auch schon geschafft und das Fenster sitzt. <\/p>\n\n\n\n<figure class=\"wp-block-image size-large\"><img loading=\"lazy\" decoding=\"async\" width=\"990\" height=\"1320\" src=\"https:\/\/i0.wp.com\/fachhallenhaus.de\/wp-content\/uploads\/2020\/10\/20201012_110929-18950654310413020548-scaled.jpg?resize=990%2C1320\" alt=\"\" class=\"wp-image-409\" srcset=\"https:\/\/i0.wp.com\/www.fachhallenhaus.de\/wp-content\/uploads\/2020\/10\/20201012_110929-18950654310413020548-scaled.jpg?w=1920&amp;ssl=1 1920w, https:\/\/i0.wp.com\/www.fachhallenhaus.de\/wp-content\/uploads\/2020\/10\/20201012_110929-18950654310413020548-scaled.jpg?resize=225%2C300&amp;ssl=1 225w, https:\/\/i0.wp.com\/www.fachhallenhaus.de\/wp-content\/uploads\/2020\/10\/20201012_110929-18950654310413020548-scaled.jpg?resize=768%2C1024&amp;ssl=1 768w, https:\/\/i0.wp.com\/www.fachhallenhaus.de\/wp-content\/uploads\/2020\/10\/20201012_110929-18950654310413020548-scaled.jpg?resize=1152%2C1536&amp;ssl=1 1152w, https:\/\/i0.wp.com\/www.fachhallenhaus.de\/wp-content\/uploads\/2020\/10\/20201012_110929-18950654310413020548-scaled.jpg?resize=1536%2C2048&amp;ssl=1 1536w\" sizes=\"(max-width: 990px) 100vw, 990px\" data-recalc-dims=\"1\" \/><\/figure>\n\n\n\n<figure class=\"wp-block-image size-large\"><img loading=\"lazy\" decoding=\"async\" width=\"990\" height=\"743\" src=\"https:\/\/i0.wp.com\/fachhallenhaus.de\/wp-content\/uploads\/2020\/10\/20201015_100408-scaled.jpg?resize=990%2C743\" alt=\"\" class=\"wp-image-407\" srcset=\"https:\/\/i0.wp.com\/www.fachhallenhaus.de\/wp-content\/uploads\/2020\/10\/20201015_100408-scaled.jpg?w=2560&amp;ssl=1 2560w, https:\/\/i0.wp.com\/www.fachhallenhaus.de\/wp-content\/uploads\/2020\/10\/20201015_100408-scaled.jpg?resize=300%2C225&amp;ssl=1 300w, https:\/\/i0.wp.com\/www.fachhallenhaus.de\/wp-content\/uploads\/2020\/10\/20201015_100408-scaled.jpg?resize=768%2C576&amp;ssl=1 768w, https:\/\/i0.wp.com\/www.fachhallenhaus.de\/wp-content\/uploads\/2020\/10\/20201015_100408-scaled.jpg?resize=1536%2C1152&amp;ssl=1 1536w, https:\/\/i0.wp.com\/www.fachhallenhaus.de\/wp-content\/uploads\/2020\/10\/20201015_100408-scaled.jpg?resize=2048%2C1536&amp;ssl=1 2048w, https:\/\/i0.wp.com\/www.fachhallenhaus.de\/wp-content\/uploads\/2020\/10\/20201015_100408-scaled.jpg?w=1980&amp;ssl=1 1980w\" sizes=\"(max-width: 990px) 100vw, 990px\" data-recalc-dims=\"1\" \/><\/figure>\n\n\n\n<figure class=\"wp-block-image size-large\"><img loading=\"lazy\" decoding=\"async\" width=\"990\" height=\"743\" src=\"https:\/\/i0.wp.com\/fachhallenhaus.de\/wp-content\/uploads\/2020\/10\/20201017_115132-scaled.jpg?resize=990%2C743\" alt=\"\" class=\"wp-image-404\" srcset=\"https:\/\/i0.wp.com\/www.fachhallenhaus.de\/wp-content\/uploads\/2020\/10\/20201017_115132-scaled.jpg?w=2560&amp;ssl=1 2560w, https:\/\/i0.wp.com\/www.fachhallenhaus.de\/wp-content\/uploads\/2020\/10\/20201017_115132-scaled.jpg?resize=300%2C225&amp;ssl=1 300w, https:\/\/i0.wp.com\/www.fachhallenhaus.de\/wp-content\/uploads\/2020\/10\/20201017_115132-scaled.jpg?resize=768%2C576&amp;ssl=1 768w, https:\/\/i0.wp.com\/www.fachhallenhaus.de\/wp-content\/uploads\/2020\/10\/20201017_115132-scaled.jpg?resize=1536%2C1152&amp;ssl=1 1536w, https:\/\/i0.wp.com\/www.fachhallenhaus.de\/wp-content\/uploads\/2020\/10\/20201017_115132-scaled.jpg?resize=2048%2C1536&amp;ssl=1 2048w, https:\/\/i0.wp.com\/www.fachhallenhaus.de\/wp-content\/uploads\/2020\/10\/20201017_115132-scaled.jpg?w=1980&amp;ssl=1 1980w\" sizes=\"(max-width: 990px) 100vw, 990px\" data-recalc-dims=\"1\" \/><\/figure>\n\n\n\n<p>Und wie gef\u00e4llt es euch? Wir finden es super!! Jetzt fehlen nur noch die aufgesetzten Ziegel auf dem Fenster und schon k\u00f6nnen wir dieses Kapitel f\u00fcr die n\u00e4chsten 50 Jahre schlie\u00dfen, w\u00e4ren da nicht noch die verbleibenden 4 Fenster im Obergescho\u00df. Diese werden wir hoffentlich noch vor dem Jahreswechsel einbauen, doch daf\u00fcr muss der Maurer erst Teile des s\u00fcdlichen Giebels neu aufmauern.<\/p>\n","protected":false},"excerpt":{"rendered":"<p>Bereits im August hat unser sehr netter Nachbar Torsten Speer die Mauer\u00f6ffnungen f\u00fcr unsere neuen Fenster ausgemessen. Torsten Speer k\u00fcmmert &hellip; <span class=\"more-button\"><a href=\"https:\/\/www.fachhallenhaus.de\/?p=413\" class=\"more-link\">Continue Reading<span class=\"screen-reader-text\">Neue Fenster im Deichhof<\/span><\/a><\/span><\/p>\n","protected":false},"author":1,"featured_media":409,"comment_status":"closed","ping_status":"closed","sticky":false,"template":"","format":"standard","meta":{"footnotes":""},"categories":[1],"tags":[],"jetpack_sharing_enabled":true,"jetpack_featured_media_url":"https:\/\/i0.wp.com\/www.fachhallenhaus.de\/wp-content\/uploads\/2020\/10\/20201012_110929-18950654310413020548-scaled.jpg?fit=1920%2C2560&ssl=1","_links":{"self":[{"href":"https:\/\/www.fachhallenhaus.de\/index.php?rest_route=\/wp\/v2\/posts\/413"}],"collection":[{"href":"https:\/\/www.fachhallenhaus.de\/index.php?rest_route=\/wp\/v2\/posts"}],"about":[{"href":"https:\/\/www.fachhallenhaus.de\/index.php?rest_route=\/wp\/v2\/types\/post"}],"author":[{"embeddable":true,"href":"https:\/\/www.fachhallenhaus.de\/index.php?rest_route=\/wp\/v2\/users\/1"}],"replies":[{"embeddable":true,"href":"https:\/\/www.fachhallenhaus.de\/index.php?rest_route=%2Fwp%2Fv2%2Fcomments&post=413"}],"version-history":[{"count":1,"href":"https:\/\/www.fachhallenhaus.de\/index.php?rest_route=\/wp\/v2\/posts\/413\/revisions"}],"predecessor-version":[{"id":414,"href":"https:\/\/www.fachhallenhaus.de\/index.php?rest_route=\/wp\/v2\/posts\/413\/revisions\/414"}],"wp:featuredmedia":[{"embeddable":true,"href":"https:\/\/www.fachhallenhaus.de\/index.php?rest_route=\/wp\/v2\/media\/409"}],"wp:attachment":[{"href":"https:\/\/www.fachhallenhaus.de\/index.php?rest_route=%2Fwp%2Fv2%2Fmedia&parent=413"}],"wp:term":[{"taxonomy":"category","embeddable":true,"href":"https:\/\/www.fachhallenhaus.de\/index.php?rest_route=%2Fwp%2Fv2%2Fcategories&post=413"},{"taxonomy":"post_tag","embeddable":true,"href":"https:\/\/www.fachhallenhaus.de\/index.php?rest_route=%2Fwp%2Fv2%2Ftags&post=413"}],"curies":[{"name":"wp","href":"https:\/\/api.w.org\/{rel}","templated":true}]}}