{"id":342,"date":"2020-09-09T18:24:47","date_gmt":"2020-09-09T18:24:47","guid":{"rendered":"http:\/\/fachhallenhaus.de\/?p=342"},"modified":"2020-09-09T18:30:44","modified_gmt":"2020-09-09T18:30:44","slug":"fussbodenaufbau-theorie-vs-praxis","status":"publish","type":"post","link":"https:\/\/www.fachhallenhaus.de\/?p=342","title":{"rendered":"Fu\u00dfbodenaufbau &#8211; Theorie vs. Praxis"},"content":{"rendered":"\n<p>Da schreibe ich gerade noch so einen positiven Beitrag \u00fcber die Vorteile unseres zementgebundenen Trockenestrichs mit Aquapanel und Bituperl und schon holt uns die Realit\u00e4t ein.<\/p>\n\n\n\n<p>Zwei wild <em>sotternde<\/em> (das ist fr\u00e4nkisch f\u00fcr &#8222;\u00fcbles Schimpfen&#8220;) M\u00e4nner kommen aus dem Backhaus. \u00dcber und \u00fcber voll mit PU Kleber und total staubig. Quasi geteert und gefedert. Aber mal von vorne:<\/p>\n\n\n\n<figure class=\"wp-block-image size-large\"><img loading=\"lazy\" decoding=\"async\" width=\"990\" height=\"743\" src=\"https:\/\/i0.wp.com\/fachhallenhaus.de\/wp-content\/uploads\/2020\/09\/20200908_131318-scaled.jpg?resize=990%2C743\" alt=\"\" class=\"wp-image-335\" srcset=\"https:\/\/i0.wp.com\/www.fachhallenhaus.de\/wp-content\/uploads\/2020\/09\/20200908_131318-scaled.jpg?w=2560&amp;ssl=1 2560w, https:\/\/i0.wp.com\/www.fachhallenhaus.de\/wp-content\/uploads\/2020\/09\/20200908_131318-scaled.jpg?resize=300%2C225&amp;ssl=1 300w, https:\/\/i0.wp.com\/www.fachhallenhaus.de\/wp-content\/uploads\/2020\/09\/20200908_131318-scaled.jpg?resize=768%2C576&amp;ssl=1 768w, https:\/\/i0.wp.com\/www.fachhallenhaus.de\/wp-content\/uploads\/2020\/09\/20200908_131318-scaled.jpg?resize=1536%2C1152&amp;ssl=1 1536w, https:\/\/i0.wp.com\/www.fachhallenhaus.de\/wp-content\/uploads\/2020\/09\/20200908_131318-scaled.jpg?resize=2048%2C1536&amp;ssl=1 2048w, https:\/\/i0.wp.com\/www.fachhallenhaus.de\/wp-content\/uploads\/2020\/09\/20200908_131318-scaled.jpg?w=1980&amp;ssl=1 1980w\" sizes=\"(max-width: 990px) 100vw, 990px\" data-recalc-dims=\"1\" \/><\/figure>\n\n\n\n<p>Zuerst wird der Meterriss kontrolliert um die H\u00f6hen zu bestimmen. Kontrollmessungen alle 50cm um die richtige Sch\u00fctth\u00f6he festzulegen. Zwischen 36mm und 60mm variiert das Ganze&#8230;<\/p>\n\n\n\n<figure class=\"wp-block-image size-large\"><img loading=\"lazy\" decoding=\"async\" width=\"990\" height=\"743\" src=\"https:\/\/i0.wp.com\/fachhallenhaus.de\/wp-content\/uploads\/2020\/09\/20200908_162230-scaled.jpg?resize=990%2C743\" alt=\"\" class=\"wp-image-333\" srcset=\"https:\/\/i0.wp.com\/www.fachhallenhaus.de\/wp-content\/uploads\/2020\/09\/20200908_162230-scaled.jpg?w=2560&amp;ssl=1 2560w, https:\/\/i0.wp.com\/www.fachhallenhaus.de\/wp-content\/uploads\/2020\/09\/20200908_162230-scaled.jpg?resize=300%2C225&amp;ssl=1 300w, https:\/\/i0.wp.com\/www.fachhallenhaus.de\/wp-content\/uploads\/2020\/09\/20200908_162230-scaled.jpg?resize=1024%2C768&amp;ssl=1 1024w, https:\/\/i0.wp.com\/www.fachhallenhaus.de\/wp-content\/uploads\/2020\/09\/20200908_162230-scaled.jpg?resize=768%2C576&amp;ssl=1 768w, https:\/\/i0.wp.com\/www.fachhallenhaus.de\/wp-content\/uploads\/2020\/09\/20200908_162230-scaled.jpg?resize=1536%2C1152&amp;ssl=1 1536w, https:\/\/i0.wp.com\/www.fachhallenhaus.de\/wp-content\/uploads\/2020\/09\/20200908_162230-scaled.jpg?resize=2048%2C1536&amp;ssl=1 2048w, https:\/\/i0.wp.com\/www.fachhallenhaus.de\/wp-content\/uploads\/2020\/09\/20200908_162230-scaled.jpg?w=1980&amp;ssl=1 1980w\" sizes=\"(max-width: 990px) 100vw, 990px\" data-recalc-dims=\"1\" \/><\/figure>\n\n\n\n<p>Einbringen des Katzenstreus (Bituperl) und Abziehen, so dass hinterher eine ged\u00e4mmte aber vor allem plane Ebene entsteht. Etwas m\u00fchselig aber das klappt noch ganz gut soweit. <\/p>\n\n\n\n<p>Auch das Legen der 8mm Holzfaserplatten gelingt noch ganz gut, weil vorher zurecht ges\u00e4gt. Nun hei\u00dft es, man solle sie vollfl\u00e4chig begehen um die Perlite um 10% zu verdichten und das verhaken der Bitumenschicht zu erm\u00f6glichen. Dann erst entsteht die Bindung und die vorgesehene gebundene Sch\u00fcttung. Bei erh\u00f6hter Luftfeuchtigkeit bedingt durch den Regen weichen die Platten aber recht schnell auf und so richtig stabil ist das Konstrukt nicht mehr.<\/p>\n\n\n\n<figure class=\"wp-block-image size-large\"><img loading=\"lazy\" decoding=\"async\" width=\"990\" height=\"743\" src=\"https:\/\/i0.wp.com\/fachhallenhaus.de\/wp-content\/uploads\/2020\/09\/20200909_083549-1024x768.jpg?resize=990%2C743\" alt=\"\" class=\"wp-image-350\" srcset=\"https:\/\/i0.wp.com\/www.fachhallenhaus.de\/wp-content\/uploads\/2020\/09\/20200909_083549-scaled.jpg?resize=1024%2C768&amp;ssl=1 1024w, https:\/\/i0.wp.com\/www.fachhallenhaus.de\/wp-content\/uploads\/2020\/09\/20200909_083549-scaled.jpg?resize=300%2C225&amp;ssl=1 300w, https:\/\/i0.wp.com\/www.fachhallenhaus.de\/wp-content\/uploads\/2020\/09\/20200909_083549-scaled.jpg?resize=768%2C576&amp;ssl=1 768w, https:\/\/i0.wp.com\/www.fachhallenhaus.de\/wp-content\/uploads\/2020\/09\/20200909_083549-scaled.jpg?resize=1536%2C1152&amp;ssl=1 1536w, https:\/\/i0.wp.com\/www.fachhallenhaus.de\/wp-content\/uploads\/2020\/09\/20200909_083549-scaled.jpg?resize=2048%2C1536&amp;ssl=1 2048w, https:\/\/i0.wp.com\/www.fachhallenhaus.de\/wp-content\/uploads\/2020\/09\/20200909_083549-scaled.jpg?resize=755%2C566&amp;ssl=1 755w, https:\/\/i0.wp.com\/www.fachhallenhaus.de\/wp-content\/uploads\/2020\/09\/20200909_083549-scaled.jpg?w=1980&amp;ssl=1 1980w\" sizes=\"(max-width: 990px) 100vw, 990px\" data-recalc-dims=\"1\" \/><\/figure>\n\n\n\n<p>Dann geht die Drecksarbeit richtig los. Wegen des Regens muss innen ges\u00e4gt werden. Zum Gl\u00fcck haben wir die Profihandkreiss\u00e4ge (von Mafell) mit dem erforderlichen Diamants\u00e4geblatt. Anderes Werkzeug eignet sich laut Hersteller nicht. Die Mafell haut jedoch eine eindrucksvolle Font\u00e4ne an Zementstaub raus und man kann seine Hand vor Augen kaum noch sehen&#8230; oha, nicht gerade gro\u00dfer Spa\u00df. <\/p>\n\n\n\n<figure class=\"wp-block-image size-large\"><img loading=\"lazy\" decoding=\"async\" width=\"990\" height=\"743\" src=\"https:\/\/i0.wp.com\/fachhallenhaus.de\/wp-content\/uploads\/2020\/09\/20200908_170449-scaled.jpg?resize=990%2C743&#038;ssl=1\" alt=\"\" class=\"wp-image-344\" srcset=\"https:\/\/i0.wp.com\/www.fachhallenhaus.de\/wp-content\/uploads\/2020\/09\/20200908_170449-scaled.jpg?w=2560&amp;ssl=1 2560w, https:\/\/i0.wp.com\/www.fachhallenhaus.de\/wp-content\/uploads\/2020\/09\/20200908_170449-scaled.jpg?resize=300%2C225&amp;ssl=1 300w, https:\/\/i0.wp.com\/www.fachhallenhaus.de\/wp-content\/uploads\/2020\/09\/20200908_170449-scaled.jpg?resize=1536%2C1152&amp;ssl=1 1536w, https:\/\/i0.wp.com\/www.fachhallenhaus.de\/wp-content\/uploads\/2020\/09\/20200908_170449-scaled.jpg?resize=2048%2C1536&amp;ssl=1 2048w, https:\/\/i0.wp.com\/www.fachhallenhaus.de\/wp-content\/uploads\/2020\/09\/20200908_170449-scaled.jpg?w=1980&amp;ssl=1 1980w\" sizes=\"(max-width: 990px) 100vw, 990px\" data-recalc-dims=\"1\" \/><\/figure>\n\n\n\n<p>Richtig \u00fcbel wird es aber beim Verkleben. Der PU Kleber wird mit Spezial-Applizier-Spitze auf die St\u00f6\u00dfe aufgebracht. Bla bla, das ist eine riesige Sauerei, von wegen tolle Spezial-Spitze. In die nun v\u00f6llig klebrige umlaufende Nut werden D\u00fcbel eingesetzt und die elendig schwere Platte wird zu ihrem Vorg\u00e4nger geschoben. Das klappt auf den weichen Holzfaserplatten so la la.<\/p>\n\n\n\n<figure class=\"wp-block-image size-large\"><img loading=\"lazy\" decoding=\"async\" width=\"768\" height=\"1024\" src=\"https:\/\/i0.wp.com\/fachhallenhaus.de\/wp-content\/uploads\/2020\/09\/20200909_1130302877296974982758742-768x1024.jpg?resize=768%2C1024&#038;ssl=1\" alt=\"\" class=\"wp-image-348\" srcset=\"https:\/\/i0.wp.com\/www.fachhallenhaus.de\/wp-content\/uploads\/2020\/09\/20200909_1130302877296974982758742-scaled.jpg?resize=768%2C1024&amp;ssl=1 768w, https:\/\/i0.wp.com\/www.fachhallenhaus.de\/wp-content\/uploads\/2020\/09\/20200909_1130302877296974982758742-scaled.jpg?resize=225%2C300&amp;ssl=1 225w, https:\/\/i0.wp.com\/www.fachhallenhaus.de\/wp-content\/uploads\/2020\/09\/20200909_1130302877296974982758742-scaled.jpg?resize=1152%2C1536&amp;ssl=1 1152w, https:\/\/i0.wp.com\/www.fachhallenhaus.de\/wp-content\/uploads\/2020\/09\/20200909_1130302877296974982758742-scaled.jpg?resize=1536%2C2048&amp;ssl=1 1536w, https:\/\/i0.wp.com\/www.fachhallenhaus.de\/wp-content\/uploads\/2020\/09\/20200909_1130302877296974982758742-scaled.jpg?w=1920&amp;ssl=1 1920w\" sizes=\"(max-width: 768px) 100vw, 768px\" data-recalc-dims=\"1\" \/><\/figure>\n\n\n\n<p>Letzten Endes haben die Jungs es aber hinbekommen. Der Boden ist eben und am n\u00e4chsten Tag nach Aush\u00e4rten des Klebers auch richtig fest.<\/p>\n\n\n\n<p>Mittlerweile liegen nun auch die Fliesen (auf der Entkopplungsmatte) und man ahnt nicht mehr, welch anstrengende Arbeit darunter liegt. <\/p>\n\n\n\n<figure class=\"wp-block-image size-large\"><img loading=\"lazy\" decoding=\"async\" width=\"990\" height=\"1320\" src=\"https:\/\/i0.wp.com\/fachhallenhaus.de\/wp-content\/uploads\/2020\/09\/20200906_1137368800391666169553864-scaled.jpg?resize=990%2C1320\" alt=\"\" class=\"wp-image-334\" srcset=\"https:\/\/i0.wp.com\/www.fachhallenhaus.de\/wp-content\/uploads\/2020\/09\/20200906_1137368800391666169553864-scaled.jpg?w=1920&amp;ssl=1 1920w, https:\/\/i0.wp.com\/www.fachhallenhaus.de\/wp-content\/uploads\/2020\/09\/20200906_1137368800391666169553864-scaled.jpg?resize=225%2C300&amp;ssl=1 225w, https:\/\/i0.wp.com\/www.fachhallenhaus.de\/wp-content\/uploads\/2020\/09\/20200906_1137368800391666169553864-scaled.jpg?resize=1152%2C1536&amp;ssl=1 1152w, https:\/\/i0.wp.com\/www.fachhallenhaus.de\/wp-content\/uploads\/2020\/09\/20200906_1137368800391666169553864-scaled.jpg?resize=1536%2C2048&amp;ssl=1 1536w\" sizes=\"(max-width: 990px) 100vw, 990px\" data-recalc-dims=\"1\" \/><\/figure>\n","protected":false},"excerpt":{"rendered":"<p>Da schreibe ich gerade noch so einen positiven Beitrag \u00fcber die Vorteile unseres zementgebundenen Trockenestrichs mit Aquapanel und Bituperl und &hellip; <span class=\"more-button\"><a href=\"https:\/\/www.fachhallenhaus.de\/?p=342\" class=\"more-link\">Continue Reading<span class=\"screen-reader-text\">Fu\u00dfbodenaufbau &#8211; Theorie vs. Praxis<\/span><\/a><\/span><\/p>\n","protected":false},"author":2,"featured_media":332,"comment_status":"closed","ping_status":"closed","sticky":false,"template":"","format":"standard","meta":{"footnotes":""},"categories":[1],"tags":[],"jetpack_sharing_enabled":true,"jetpack_featured_media_url":"https:\/\/i0.wp.com\/www.fachhallenhaus.de\/wp-content\/uploads\/2020\/09\/20200908_162257-scaled.jpg?fit=2560%2C1920&ssl=1","_links":{"self":[{"href":"https:\/\/www.fachhallenhaus.de\/index.php?rest_route=\/wp\/v2\/posts\/342"}],"collection":[{"href":"https:\/\/www.fachhallenhaus.de\/index.php?rest_route=\/wp\/v2\/posts"}],"about":[{"href":"https:\/\/www.fachhallenhaus.de\/index.php?rest_route=\/wp\/v2\/types\/post"}],"author":[{"embeddable":true,"href":"https:\/\/www.fachhallenhaus.de\/index.php?rest_route=\/wp\/v2\/users\/2"}],"replies":[{"embeddable":true,"href":"https:\/\/www.fachhallenhaus.de\/index.php?rest_route=%2Fwp%2Fv2%2Fcomments&post=342"}],"version-history":[{"count":6,"href":"https:\/\/www.fachhallenhaus.de\/index.php?rest_route=\/wp\/v2\/posts\/342\/revisions"}],"predecessor-version":[{"id":351,"href":"https:\/\/www.fachhallenhaus.de\/index.php?rest_route=\/wp\/v2\/posts\/342\/revisions\/351"}],"wp:featuredmedia":[{"embeddable":true,"href":"https:\/\/www.fachhallenhaus.de\/index.php?rest_route=\/wp\/v2\/media\/332"}],"wp:attachment":[{"href":"https:\/\/www.fachhallenhaus.de\/index.php?rest_route=%2Fwp%2Fv2%2Fmedia&parent=342"}],"wp:term":[{"taxonomy":"category","embeddable":true,"href":"https:\/\/www.fachhallenhaus.de\/index.php?rest_route=%2Fwp%2Fv2%2Fcategories&post=342"},{"taxonomy":"post_tag","embeddable":true,"href":"https:\/\/www.fachhallenhaus.de\/index.php?rest_route=%2Fwp%2Fv2%2Ftags&post=342"}],"curies":[{"name":"wp","href":"https:\/\/api.w.org\/{rel}","templated":true}]}}