{"id":340,"date":"2020-09-08T14:46:59","date_gmt":"2020-09-08T14:46:59","guid":{"rendered":"http:\/\/fachhallenhaus.de\/?p=340"},"modified":"2020-09-08T14:47:45","modified_gmt":"2020-09-08T14:47:45","slug":"im-oberstuebchen","status":"publish","type":"post","link":"https:\/\/www.fachhallenhaus.de\/?p=340","title":{"rendered":"Im Oberst\u00fcbchen"},"content":{"rendered":"\n<p>W\u00e4hrend wir auf die weitere Lieferung der Aquapanele warten, geht es oben gut voran.<\/p>\n\n\n\n<figure class=\"wp-block-image size-large\"><img loading=\"lazy\" decoding=\"async\" width=\"768\" height=\"1024\" src=\"https:\/\/i0.wp.com\/fachhallenhaus.de\/wp-content\/uploads\/2020\/09\/20200907_1837387846549867370089140-768x1024.jpg?resize=768%2C1024\" alt=\"\" class=\"wp-image-336\" srcset=\"https:\/\/i0.wp.com\/www.fachhallenhaus.de\/wp-content\/uploads\/2020\/09\/20200907_1837387846549867370089140-scaled.jpg?resize=768%2C1024&amp;ssl=1 768w, https:\/\/i0.wp.com\/www.fachhallenhaus.de\/wp-content\/uploads\/2020\/09\/20200907_1837387846549867370089140-scaled.jpg?resize=225%2C300&amp;ssl=1 225w, https:\/\/i0.wp.com\/www.fachhallenhaus.de\/wp-content\/uploads\/2020\/09\/20200907_1837387846549867370089140-scaled.jpg?resize=1152%2C1536&amp;ssl=1 1152w, https:\/\/i0.wp.com\/www.fachhallenhaus.de\/wp-content\/uploads\/2020\/09\/20200907_1837387846549867370089140-scaled.jpg?resize=1536%2C2048&amp;ssl=1 1536w, https:\/\/i0.wp.com\/www.fachhallenhaus.de\/wp-content\/uploads\/2020\/09\/20200907_1837387846549867370089140-scaled.jpg?w=1920&amp;ssl=1 1920w\" sizes=\"(max-width: 768px) 100vw, 768px\" data-recalc-dims=\"1\" \/><\/figure>\n\n\n\n<p>Die Laibung des ersten Dachfl\u00e4chenfensters ist fertig. Ich hatte mir eine Abstellfl\u00e4che gew\u00fcnscht und auch bekommen \ud83d\ude42<\/p>\n\n\n\n<figure class=\"wp-block-image size-large\"><img loading=\"lazy\" decoding=\"async\" width=\"990\" height=\"1320\" src=\"https:\/\/i0.wp.com\/fachhallenhaus.de\/wp-content\/uploads\/2020\/08\/20200827_1902397406165536240226858-scaled.jpg?resize=990%2C1320\" alt=\"\" class=\"wp-image-309\" srcset=\"https:\/\/i0.wp.com\/www.fachhallenhaus.de\/wp-content\/uploads\/2020\/08\/20200827_1902397406165536240226858-scaled.jpg?w=1920&amp;ssl=1 1920w, https:\/\/i0.wp.com\/www.fachhallenhaus.de\/wp-content\/uploads\/2020\/08\/20200827_1902397406165536240226858-scaled.jpg?resize=225%2C300&amp;ssl=1 225w, https:\/\/i0.wp.com\/www.fachhallenhaus.de\/wp-content\/uploads\/2020\/08\/20200827_1902397406165536240226858-scaled.jpg?resize=1152%2C1536&amp;ssl=1 1152w, https:\/\/i0.wp.com\/www.fachhallenhaus.de\/wp-content\/uploads\/2020\/08\/20200827_1902397406165536240226858-scaled.jpg?resize=1536%2C2048&amp;ssl=1 1536w\" sizes=\"(max-width: 990px) 100vw, 990px\" data-recalc-dims=\"1\" \/><\/figure>\n\n\n\n<p>Man k\u00f6nnte meinen, Sebastian spielt ein wenig Lasertech, &#8211; es ist aber die Ebene f\u00fcr die Spotleiste im Giebel.<\/p>\n\n\n\n<figure class=\"wp-block-image size-large\"><img loading=\"lazy\" decoding=\"async\" width=\"765\" height=\"720\" src=\"https:\/\/i0.wp.com\/fachhallenhaus.de\/wp-content\/uploads\/2020\/09\/wp-1599576010991.jpg?resize=765%2C720\" alt=\"\" class=\"wp-image-339\" srcset=\"https:\/\/i0.wp.com\/www.fachhallenhaus.de\/wp-content\/uploads\/2020\/09\/wp-1599576010991.jpg?w=765&amp;ssl=1 765w, https:\/\/i0.wp.com\/www.fachhallenhaus.de\/wp-content\/uploads\/2020\/09\/wp-1599576010991.jpg?resize=300%2C282&amp;ssl=1 300w\" sizes=\"(max-width: 765px) 100vw, 765px\" data-recalc-dims=\"1\" \/><figcaption>Fertige Spotleiste <\/figcaption><\/figure>\n\n\n\n<figure class=\"wp-block-image size-large\"><img loading=\"lazy\" decoding=\"async\" width=\"990\" height=\"743\" src=\"https:\/\/i0.wp.com\/fachhallenhaus.de\/wp-content\/uploads\/2020\/08\/20200828_120306-1024x768.jpg?resize=990%2C743\" alt=\"\" class=\"wp-image-312\" srcset=\"https:\/\/i0.wp.com\/www.fachhallenhaus.de\/wp-content\/uploads\/2020\/08\/20200828_120306-scaled.jpg?resize=1024%2C768&amp;ssl=1 1024w, https:\/\/i0.wp.com\/www.fachhallenhaus.de\/wp-content\/uploads\/2020\/08\/20200828_120306-scaled.jpg?resize=300%2C225&amp;ssl=1 300w, https:\/\/i0.wp.com\/www.fachhallenhaus.de\/wp-content\/uploads\/2020\/08\/20200828_120306-scaled.jpg?resize=1536%2C1152&amp;ssl=1 1536w, https:\/\/i0.wp.com\/www.fachhallenhaus.de\/wp-content\/uploads\/2020\/08\/20200828_120306-scaled.jpg?resize=2048%2C1536&amp;ssl=1 2048w, https:\/\/i0.wp.com\/www.fachhallenhaus.de\/wp-content\/uploads\/2020\/08\/20200828_120306-scaled.jpg?resize=755%2C566&amp;ssl=1 755w, https:\/\/i0.wp.com\/www.fachhallenhaus.de\/wp-content\/uploads\/2020\/08\/20200828_120306-scaled.jpg?w=1980&amp;ssl=1 1980w\" sizes=\"(max-width: 990px) 100vw, 990px\" data-recalc-dims=\"1\" \/><\/figure>\n\n\n\n<p>Die Struktur der Abseite steht schon und auch die Heizk\u00f6rper h\u00e4ngen schon. <\/p>\n\n\n\n<p>Und im Garten f\u00e4hrt schweres Gesch\u00fctz umher, um unseren riesigen Haufen Essigb\u00e4ume und den alten Kompost mitzunehmen.<\/p>\n\n\n\n<figure class=\"wp-block-image size-large\"><img loading=\"lazy\" decoding=\"async\" width=\"990\" height=\"743\" src=\"https:\/\/i0.wp.com\/fachhallenhaus.de\/wp-content\/uploads\/2020\/09\/20200904_161941-1024x768.jpg?resize=990%2C743\" alt=\"\" class=\"wp-image-338\" srcset=\"https:\/\/i0.wp.com\/www.fachhallenhaus.de\/wp-content\/uploads\/2020\/09\/20200904_161941-scaled.jpg?resize=1024%2C768&amp;ssl=1 1024w, https:\/\/i0.wp.com\/www.fachhallenhaus.de\/wp-content\/uploads\/2020\/09\/20200904_161941-scaled.jpg?resize=300%2C225&amp;ssl=1 300w, https:\/\/i0.wp.com\/www.fachhallenhaus.de\/wp-content\/uploads\/2020\/09\/20200904_161941-scaled.jpg?resize=768%2C576&amp;ssl=1 768w, https:\/\/i0.wp.com\/www.fachhallenhaus.de\/wp-content\/uploads\/2020\/09\/20200904_161941-scaled.jpg?resize=1536%2C1152&amp;ssl=1 1536w, https:\/\/i0.wp.com\/www.fachhallenhaus.de\/wp-content\/uploads\/2020\/09\/20200904_161941-scaled.jpg?resize=2048%2C1536&amp;ssl=1 2048w, https:\/\/i0.wp.com\/www.fachhallenhaus.de\/wp-content\/uploads\/2020\/09\/20200904_161941-scaled.jpg?resize=755%2C566&amp;ssl=1 755w, https:\/\/i0.wp.com\/www.fachhallenhaus.de\/wp-content\/uploads\/2020\/09\/20200904_161941-scaled.jpg?w=1980&amp;ssl=1 1980w\" sizes=\"(max-width: 990px) 100vw, 990px\" data-recalc-dims=\"1\" \/><\/figure>\n","protected":false},"excerpt":{"rendered":"<p>W\u00e4hrend wir auf die weitere Lieferung der Aquapanele warten, geht es oben gut voran. Die Laibung des ersten Dachfl\u00e4chenfensters ist &hellip; <span class=\"more-button\"><a href=\"https:\/\/www.fachhallenhaus.de\/?p=340\" class=\"more-link\">Continue Reading<span class=\"screen-reader-text\">Im Oberst\u00fcbchen<\/span><\/a><\/span><\/p>\n","protected":false},"author":2,"featured_media":309,"comment_status":"closed","ping_status":"closed","sticky":false,"template":"","format":"standard","meta":{"footnotes":""},"categories":[1],"tags":[],"jetpack_sharing_enabled":true,"jetpack_featured_media_url":"https:\/\/i0.wp.com\/www.fachhallenhaus.de\/wp-content\/uploads\/2020\/08\/20200827_1902397406165536240226858-scaled.jpg?fit=1920%2C2560&ssl=1","_links":{"self":[{"href":"https:\/\/www.fachhallenhaus.de\/index.php?rest_route=\/wp\/v2\/posts\/340"}],"collection":[{"href":"https:\/\/www.fachhallenhaus.de\/index.php?rest_route=\/wp\/v2\/posts"}],"about":[{"href":"https:\/\/www.fachhallenhaus.de\/index.php?rest_route=\/wp\/v2\/types\/post"}],"author":[{"embeddable":true,"href":"https:\/\/www.fachhallenhaus.de\/index.php?rest_route=\/wp\/v2\/users\/2"}],"replies":[{"embeddable":true,"href":"https:\/\/www.fachhallenhaus.de\/index.php?rest_route=%2Fwp%2Fv2%2Fcomments&post=340"}],"version-history":[{"count":1,"href":"https:\/\/www.fachhallenhaus.de\/index.php?rest_route=\/wp\/v2\/posts\/340\/revisions"}],"predecessor-version":[{"id":341,"href":"https:\/\/www.fachhallenhaus.de\/index.php?rest_route=\/wp\/v2\/posts\/340\/revisions\/341"}],"wp:featuredmedia":[{"embeddable":true,"href":"https:\/\/www.fachhallenhaus.de\/index.php?rest_route=\/wp\/v2\/media\/309"}],"wp:attachment":[{"href":"https:\/\/www.fachhallenhaus.de\/index.php?rest_route=%2Fwp%2Fv2%2Fmedia&parent=340"}],"wp:term":[{"taxonomy":"category","embeddable":true,"href":"https:\/\/www.fachhallenhaus.de\/index.php?rest_route=%2Fwp%2Fv2%2Fcategories&post=340"},{"taxonomy":"post_tag","embeddable":true,"href":"https:\/\/www.fachhallenhaus.de\/index.php?rest_route=%2Fwp%2Fv2%2Ftags&post=340"}],"curies":[{"name":"wp","href":"https:\/\/api.w.org\/{rel}","templated":true}]}}