{"id":273,"date":"2020-08-12T18:32:38","date_gmt":"2020-08-12T18:32:38","guid":{"rendered":"http:\/\/fachhallenhaus.de\/?p=273"},"modified":"2020-08-13T09:38:54","modified_gmt":"2020-08-13T09:38:54","slug":"es-werde-licht","status":"publish","type":"post","link":"https:\/\/www.fachhallenhaus.de\/?p=273","title":{"rendered":"Es werde Licht"},"content":{"rendered":"\n<p>Dank der freundlichen in der Marsch ans\u00e4ssigen Firma Behrens ist nun auch die Elektrik frisch verlegt. Der Sicherungskasten ist gesetzt, die unterm Putz vorbereiteten Steckdosen sind verdrahtet und weitere Kabel f\u00fcr Schalter sowie Licht  sind eingebracht. So denn, es werde Licht&#8230;<\/p>\n\n\n\n<p>Zuvor war der andere Einsatztrupp f\u00fcr Heizung und Sanit\u00e4r am Werk. S\u00e4mtliche Zu- und Abfl\u00fcsse sind verbunden und auch die Heizk\u00f6rper sind angeschlossen. <\/p>\n\n\n\n<figure class=\"wp-block-image size-large\"><img loading=\"lazy\" decoding=\"async\" width=\"990\" height=\"743\" src=\"https:\/\/i0.wp.com\/fachhallenhaus.de\/wp-content\/uploads\/2020\/08\/20200810_150348-scaled.jpg?resize=990%2C743\" alt=\"\" class=\"wp-image-276\" srcset=\"https:\/\/i0.wp.com\/www.fachhallenhaus.de\/wp-content\/uploads\/2020\/08\/20200810_150348-scaled.jpg?w=2560&amp;ssl=1 2560w, https:\/\/i0.wp.com\/www.fachhallenhaus.de\/wp-content\/uploads\/2020\/08\/20200810_150348-scaled.jpg?resize=300%2C225&amp;ssl=1 300w, https:\/\/i0.wp.com\/www.fachhallenhaus.de\/wp-content\/uploads\/2020\/08\/20200810_150348-scaled.jpg?resize=1536%2C1152&amp;ssl=1 1536w, https:\/\/i0.wp.com\/www.fachhallenhaus.de\/wp-content\/uploads\/2020\/08\/20200810_150348-scaled.jpg?resize=2048%2C1536&amp;ssl=1 2048w, https:\/\/i0.wp.com\/www.fachhallenhaus.de\/wp-content\/uploads\/2020\/08\/20200810_150348-scaled.jpg?w=1980&amp;ssl=1 1980w\" sizes=\"(max-width: 990px) 100vw, 990px\" data-recalc-dims=\"1\" \/><\/figure>\n\n\n\n<p>Wie man sieht, schreitet auch der Trockenbau ordentlich voran. Die OSB Platten innen (wg. Dampfsperre und zum Aufh\u00e4ngen von Schr\u00e4nken) sind fast vollst\u00e4ndig verschraubt. Die Wand zur K\u00fcche ist sogar schon mit Gipskarton verkleidet, D\u00e4mmung ist in die W\u00e4nde eingebracht und so nimmt alles Gestalt an.  <\/p>\n\n\n\n<figure class=\"wp-block-image size-large\"><img loading=\"lazy\" decoding=\"async\" width=\"990\" height=\"743\" src=\"https:\/\/i0.wp.com\/fachhallenhaus.de\/wp-content\/uploads\/2020\/08\/20200813_093146-1024x768.jpg?resize=990%2C743\" alt=\"\" class=\"wp-image-275\" srcset=\"https:\/\/i0.wp.com\/www.fachhallenhaus.de\/wp-content\/uploads\/2020\/08\/20200813_093146-scaled.jpg?resize=1024%2C768&amp;ssl=1 1024w, https:\/\/i0.wp.com\/www.fachhallenhaus.de\/wp-content\/uploads\/2020\/08\/20200813_093146-scaled.jpg?resize=300%2C225&amp;ssl=1 300w, https:\/\/i0.wp.com\/www.fachhallenhaus.de\/wp-content\/uploads\/2020\/08\/20200813_093146-scaled.jpg?resize=768%2C576&amp;ssl=1 768w, https:\/\/i0.wp.com\/www.fachhallenhaus.de\/wp-content\/uploads\/2020\/08\/20200813_093146-scaled.jpg?resize=1536%2C1152&amp;ssl=1 1536w, https:\/\/i0.wp.com\/www.fachhallenhaus.de\/wp-content\/uploads\/2020\/08\/20200813_093146-scaled.jpg?resize=2048%2C1536&amp;ssl=1 2048w, https:\/\/i0.wp.com\/www.fachhallenhaus.de\/wp-content\/uploads\/2020\/08\/20200813_093146-scaled.jpg?resize=755%2C566&amp;ssl=1 755w, https:\/\/i0.wp.com\/www.fachhallenhaus.de\/wp-content\/uploads\/2020\/08\/20200813_093146-scaled.jpg?w=1980&amp;ssl=1 1980w\" sizes=\"(max-width: 990px) 100vw, 990px\" data-recalc-dims=\"1\" \/><\/figure>\n\n\n\n<p>Was man nicht direkt sieht, sind all die Kleinigkeiten, die ebenfalls viel Zeit brauchen: Treppe abbauen, darunter schleifen und streichen, mehrmaliges Streichen der Deckenquertr\u00e4ger (vor allem die Kanten), Bodenabdichtung verlegen und die Kanten verkleben, Materialbeschaffung, Verpflegung usw.  Wir freuen uns sehr \u00fcber den Fortschritt und sind unseren unerm\u00fcdlichen Helfern sehr dankbar. \ud83d\ude42<\/p>\n","protected":false},"excerpt":{"rendered":"<p>Dank der freundlichen in der Marsch ans\u00e4ssigen Firma Behrens ist nun auch die Elektrik frisch verlegt. Der Sicherungskasten ist gesetzt, &hellip; <span class=\"more-button\"><a href=\"https:\/\/www.fachhallenhaus.de\/?p=273\" class=\"more-link\">Continue Reading<span class=\"screen-reader-text\">Es werde Licht<\/span><\/a><\/span><\/p>\n","protected":false},"author":2,"featured_media":275,"comment_status":"closed","ping_status":"closed","sticky":false,"template":"","format":"standard","meta":{"footnotes":""},"categories":[1],"tags":[],"jetpack_sharing_enabled":true,"jetpack_featured_media_url":"https:\/\/i0.wp.com\/www.fachhallenhaus.de\/wp-content\/uploads\/2020\/08\/20200813_093146-scaled.jpg?fit=2560%2C1920&ssl=1","_links":{"self":[{"href":"https:\/\/www.fachhallenhaus.de\/index.php?rest_route=\/wp\/v2\/posts\/273"}],"collection":[{"href":"https:\/\/www.fachhallenhaus.de\/index.php?rest_route=\/wp\/v2\/posts"}],"about":[{"href":"https:\/\/www.fachhallenhaus.de\/index.php?rest_route=\/wp\/v2\/types\/post"}],"author":[{"embeddable":true,"href":"https:\/\/www.fachhallenhaus.de\/index.php?rest_route=\/wp\/v2\/users\/2"}],"replies":[{"embeddable":true,"href":"https:\/\/www.fachhallenhaus.de\/index.php?rest_route=%2Fwp%2Fv2%2Fcomments&post=273"}],"version-history":[{"count":3,"href":"https:\/\/www.fachhallenhaus.de\/index.php?rest_route=\/wp\/v2\/posts\/273\/revisions"}],"predecessor-version":[{"id":279,"href":"https:\/\/www.fachhallenhaus.de\/index.php?rest_route=\/wp\/v2\/posts\/273\/revisions\/279"}],"wp:featuredmedia":[{"embeddable":true,"href":"https:\/\/www.fachhallenhaus.de\/index.php?rest_route=\/wp\/v2\/media\/275"}],"wp:attachment":[{"href":"https:\/\/www.fachhallenhaus.de\/index.php?rest_route=%2Fwp%2Fv2%2Fmedia&parent=273"}],"wp:term":[{"taxonomy":"category","embeddable":true,"href":"https:\/\/www.fachhallenhaus.de\/index.php?rest_route=%2Fwp%2Fv2%2Fcategories&post=273"},{"taxonomy":"post_tag","embeddable":true,"href":"https:\/\/www.fachhallenhaus.de\/index.php?rest_route=%2Fwp%2Fv2%2Ftags&post=273"}],"curies":[{"name":"wp","href":"https:\/\/api.w.org\/{rel}","templated":true}]}}