{"id":263,"date":"2020-08-05T12:37:34","date_gmt":"2020-08-05T12:37:34","guid":{"rendered":"http:\/\/fachhallenhaus.de\/?p=263"},"modified":"2020-08-13T06:18:46","modified_gmt":"2020-08-13T06:18:46","slug":"ab-durch-die-hecke","status":"publish","type":"post","link":"https:\/\/www.fachhallenhaus.de\/?p=263","title":{"rendered":"Ab durch die Hecke"},"content":{"rendered":"\n<p>Naja, vielleicht nicht <em>durch<\/em> die Hecke, aber zumindest durch die Ausw\u00fcchse habe ich mich heute erstmalig mit einer Heckenschere gek\u00e4mpft. So gerade und professionell wie beim Nachbarn sieht es noch nicht aus, aber zumindest k\u00f6nnen die Fu\u00dfg\u00e4nger wieder passieren ohne von den Dornen gestochen zu werden \ud83d\ude09<\/p>\n\n\n\n<figure class=\"wp-block-image size-large\"><img loading=\"lazy\" decoding=\"async\" width=\"990\" height=\"1320\" src=\"https:\/\/i0.wp.com\/fachhallenhaus.de\/wp-content\/uploads\/2020\/08\/20200804_1052096192717259790196402-scaled.jpg?resize=990%2C1320\" alt=\"\" class=\"wp-image-262\" srcset=\"https:\/\/i0.wp.com\/www.fachhallenhaus.de\/wp-content\/uploads\/2020\/08\/20200804_1052096192717259790196402-scaled.jpg?w=1920&amp;ssl=1 1920w, https:\/\/i0.wp.com\/www.fachhallenhaus.de\/wp-content\/uploads\/2020\/08\/20200804_1052096192717259790196402-scaled.jpg?resize=225%2C300&amp;ssl=1 225w, https:\/\/i0.wp.com\/www.fachhallenhaus.de\/wp-content\/uploads\/2020\/08\/20200804_1052096192717259790196402-scaled.jpg?resize=768%2C1024&amp;ssl=1 768w, https:\/\/i0.wp.com\/www.fachhallenhaus.de\/wp-content\/uploads\/2020\/08\/20200804_1052096192717259790196402-scaled.jpg?resize=1152%2C1536&amp;ssl=1 1152w, https:\/\/i0.wp.com\/www.fachhallenhaus.de\/wp-content\/uploads\/2020\/08\/20200804_1052096192717259790196402-scaled.jpg?resize=1536%2C2048&amp;ssl=1 1536w\" sizes=\"(max-width: 990px) 100vw, 990px\" data-recalc-dims=\"1\" \/><\/figure>\n\n\n\n<p>Mittlerweile hat die Sanit\u00e4rfirma im Backhaus mit ihrer Arbeit begonnen. Es liegt nun schon ein Abwasserrohr und das Vorwandelement der Toilette ist angebracht.<\/p>\n\n\n\n<p>Die Jungs haben die schweren Biester von Heizk\u00f6rpern aufgeh\u00e4ngt und am Trockenbau weiter gearbeitet. <\/p>\n\n\n\n<figure class=\"wp-block-image size-large\"><img loading=\"lazy\" decoding=\"async\" width=\"990\" height=\"743\" src=\"https:\/\/i0.wp.com\/fachhallenhaus.de\/wp-content\/uploads\/2020\/08\/20200804_164146-2-scaled.jpg?resize=990%2C743\" alt=\"\" class=\"wp-image-269\" srcset=\"https:\/\/i0.wp.com\/www.fachhallenhaus.de\/wp-content\/uploads\/2020\/08\/20200804_164146-2-scaled.jpg?w=2560&amp;ssl=1 2560w, https:\/\/i0.wp.com\/www.fachhallenhaus.de\/wp-content\/uploads\/2020\/08\/20200804_164146-2-scaled.jpg?resize=300%2C225&amp;ssl=1 300w, https:\/\/i0.wp.com\/www.fachhallenhaus.de\/wp-content\/uploads\/2020\/08\/20200804_164146-2-scaled.jpg?resize=1024%2C768&amp;ssl=1 1024w, https:\/\/i0.wp.com\/www.fachhallenhaus.de\/wp-content\/uploads\/2020\/08\/20200804_164146-2-scaled.jpg?resize=768%2C576&amp;ssl=1 768w, https:\/\/i0.wp.com\/www.fachhallenhaus.de\/wp-content\/uploads\/2020\/08\/20200804_164146-2-scaled.jpg?resize=1536%2C1152&amp;ssl=1 1536w, https:\/\/i0.wp.com\/www.fachhallenhaus.de\/wp-content\/uploads\/2020\/08\/20200804_164146-2-scaled.jpg?resize=2048%2C1536&amp;ssl=1 2048w, https:\/\/i0.wp.com\/www.fachhallenhaus.de\/wp-content\/uploads\/2020\/08\/20200804_164146-2-scaled.jpg?w=1980&amp;ssl=1 1980w\" sizes=\"(max-width: 990px) 100vw, 990px\" data-recalc-dims=\"1\" \/><\/figure>\n\n\n\n<p>Material Be- und Entsorgung nimmt zudem einen gro\u00dfen Teil der Zeit ein. Wegbringen der ollen Nachtspeicher\u00f6fen, holen von neuen OSB- und Gipskartonplatten, Profile, Farbe, Schrauben, Bohrer und vieles mehr. Wirklich perfekt, einen Baustoffh\u00e4ndler im Dorf zu haben. Er wird sicher bald ein guter Vertrauter. \ud83d\ude09 <\/p>\n","protected":false},"excerpt":{"rendered":"<p>Naja, vielleicht nicht durch die Hecke, aber zumindest durch die Ausw\u00fcchse habe ich mich heute erstmalig mit einer Heckenschere gek\u00e4mpft. &hellip; <span class=\"more-button\"><a href=\"https:\/\/www.fachhallenhaus.de\/?p=263\" class=\"more-link\">Continue Reading<span class=\"screen-reader-text\">Ab durch die Hecke<\/span><\/a><\/span><\/p>\n","protected":false},"author":2,"featured_media":262,"comment_status":"closed","ping_status":"closed","sticky":false,"template":"","format":"standard","meta":{"footnotes":""},"categories":[1],"tags":[],"jetpack_sharing_enabled":true,"jetpack_featured_media_url":"https:\/\/i0.wp.com\/www.fachhallenhaus.de\/wp-content\/uploads\/2020\/08\/20200804_1052096192717259790196402-scaled.jpg?fit=1920%2C2560&ssl=1","_links":{"self":[{"href":"https:\/\/www.fachhallenhaus.de\/index.php?rest_route=\/wp\/v2\/posts\/263"}],"collection":[{"href":"https:\/\/www.fachhallenhaus.de\/index.php?rest_route=\/wp\/v2\/posts"}],"about":[{"href":"https:\/\/www.fachhallenhaus.de\/index.php?rest_route=\/wp\/v2\/types\/post"}],"author":[{"embeddable":true,"href":"https:\/\/www.fachhallenhaus.de\/index.php?rest_route=\/wp\/v2\/users\/2"}],"replies":[{"embeddable":true,"href":"https:\/\/www.fachhallenhaus.de\/index.php?rest_route=%2Fwp%2Fv2%2Fcomments&post=263"}],"version-history":[{"count":3,"href":"https:\/\/www.fachhallenhaus.de\/index.php?rest_route=\/wp\/v2\/posts\/263\/revisions"}],"predecessor-version":[{"id":270,"href":"https:\/\/www.fachhallenhaus.de\/index.php?rest_route=\/wp\/v2\/posts\/263\/revisions\/270"}],"wp:featuredmedia":[{"embeddable":true,"href":"https:\/\/www.fachhallenhaus.de\/index.php?rest_route=\/wp\/v2\/media\/262"}],"wp:attachment":[{"href":"https:\/\/www.fachhallenhaus.de\/index.php?rest_route=%2Fwp%2Fv2%2Fmedia&parent=263"}],"wp:term":[{"taxonomy":"category","embeddable":true,"href":"https:\/\/www.fachhallenhaus.de\/index.php?rest_route=%2Fwp%2Fv2%2Fcategories&post=263"},{"taxonomy":"post_tag","embeddable":true,"href":"https:\/\/www.fachhallenhaus.de\/index.php?rest_route=%2Fwp%2Fv2%2Ftags&post=263"}],"curies":[{"name":"wp","href":"https:\/\/api.w.org\/{rel}","templated":true}]}}