{"id":212,"date":"2020-07-27T02:09:15","date_gmt":"2020-07-27T02:09:15","guid":{"rendered":"http:\/\/fachhallenhaus.de\/?p=212"},"modified":"2020-07-30T20:01:13","modified_gmt":"2020-07-30T20:01:13","slug":"berta-wartet-auf-den-bus","status":"publish","type":"post","link":"https:\/\/www.fachhallenhaus.de\/?p=212","title":{"rendered":"Berta wartet auf den Bus"},"content":{"rendered":"\n<p>Berta, das ist Sebastians treue Begleiterin seit er vor 10 Jahren im Schwabenland ankam. Sie steht kurz vor ihrem H-Kennzeichen und ist damit schon eine \u00e4ltere Dame. <\/p>\n\n\n\n<figure class=\"wp-block-image size-large\"><img loading=\"lazy\" decoding=\"async\" width=\"990\" height=\"743\" src=\"https:\/\/i0.wp.com\/fachhallenhaus.de\/wp-content\/uploads\/2020\/07\/20200729_085625-scaled.jpg?resize=990%2C743\" alt=\"\" class=\"wp-image-219\" srcset=\"https:\/\/i0.wp.com\/www.fachhallenhaus.de\/wp-content\/uploads\/2020\/07\/20200729_085625-scaled.jpg?w=2560&amp;ssl=1 2560w, https:\/\/i0.wp.com\/www.fachhallenhaus.de\/wp-content\/uploads\/2020\/07\/20200729_085625-scaled.jpg?resize=300%2C225&amp;ssl=1 300w, https:\/\/i0.wp.com\/www.fachhallenhaus.de\/wp-content\/uploads\/2020\/07\/20200729_085625-scaled.jpg?resize=1024%2C768&amp;ssl=1 1024w, https:\/\/i0.wp.com\/www.fachhallenhaus.de\/wp-content\/uploads\/2020\/07\/20200729_085625-scaled.jpg?resize=768%2C576&amp;ssl=1 768w, https:\/\/i0.wp.com\/www.fachhallenhaus.de\/wp-content\/uploads\/2020\/07\/20200729_085625-scaled.jpg?resize=1536%2C1152&amp;ssl=1 1536w, https:\/\/i0.wp.com\/www.fachhallenhaus.de\/wp-content\/uploads\/2020\/07\/20200729_085625-scaled.jpg?resize=2048%2C1536&amp;ssl=1 2048w, https:\/\/i0.wp.com\/www.fachhallenhaus.de\/wp-content\/uploads\/2020\/07\/20200729_085625-scaled.jpg?resize=755%2C566&amp;ssl=1 755w, https:\/\/i0.wp.com\/www.fachhallenhaus.de\/wp-content\/uploads\/2020\/07\/20200729_085625-scaled.jpg?w=1980&amp;ssl=1 1980w\" sizes=\"(max-width: 990px) 100vw, 990px\" data-recalc-dims=\"1\" \/><\/figure>\n\n\n\n<p>Nach R\u00fcckgabe s\u00e4mtlicher Dienst- und pers\u00f6nlichen Fahrwagen blieb Berta und der Bus f\u00fcr unsere Mobilit\u00e4t. <\/p>\n\n\n\n<p>Der Bus hat bereits einiges an Erfahrung auf Baustellen. So halten wir ihn in Ehren und nutzen ihn weiter f\u00fcr das, was er am besten kann. Etliche Pflanzen, ein Hubwagen als Leihgabe (danke Mama), ein K\u00fchlschrank und etliche andere Dinge f\u00fcr den Bedarf einer Sanierung fanden im Bauch des Busses Platz.<\/p>\n\n\n\n<p>Und genau diese Tatsache f\u00fchrte auch zu dem Titel. Die vergleichsweise agile Berta fuhr dem beh\u00e4bigen Bus ganz sch\u00f6n davon. In den Kasseler Bergen war keine Spur von Berta zu sehen. \ud83d\ude42<\/p>\n\n\n\n<p>Letztlich sind beide Gef\u00e4hrte gut angekommen, das ist das Wichtigste. Die Entscheidung nachts zu fahren bescherte uns auch ruhiges Reisen mit der kleinen Feli. Belohnt wurden wir bei der Ankunft in Hamburg mit einem herrlichen Sonnenaufgang vor der Kulisse des Hafens. \ud83d\ude42<\/p>\n\n\n\n<figure class=\"wp-block-image size-large\"><img loading=\"lazy\" decoding=\"async\" width=\"990\" height=\"743\" src=\"https:\/\/i0.wp.com\/fachhallenhaus.de\/wp-content\/uploads\/2020\/07\/20200727_052240-1-1024x768.jpg?resize=990%2C743\" alt=\"\" class=\"wp-image-215\" srcset=\"https:\/\/i0.wp.com\/www.fachhallenhaus.de\/wp-content\/uploads\/2020\/07\/20200727_052240-1-scaled.jpg?resize=1024%2C768&amp;ssl=1 1024w, https:\/\/i0.wp.com\/www.fachhallenhaus.de\/wp-content\/uploads\/2020\/07\/20200727_052240-1-scaled.jpg?resize=300%2C225&amp;ssl=1 300w, https:\/\/i0.wp.com\/www.fachhallenhaus.de\/wp-content\/uploads\/2020\/07\/20200727_052240-1-scaled.jpg?resize=768%2C576&amp;ssl=1 768w, https:\/\/i0.wp.com\/www.fachhallenhaus.de\/wp-content\/uploads\/2020\/07\/20200727_052240-1-scaled.jpg?resize=1536%2C1152&amp;ssl=1 1536w, https:\/\/i0.wp.com\/www.fachhallenhaus.de\/wp-content\/uploads\/2020\/07\/20200727_052240-1-scaled.jpg?resize=2048%2C1536&amp;ssl=1 2048w, https:\/\/i0.wp.com\/www.fachhallenhaus.de\/wp-content\/uploads\/2020\/07\/20200727_052240-1-scaled.jpg?resize=755%2C566&amp;ssl=1 755w, https:\/\/i0.wp.com\/www.fachhallenhaus.de\/wp-content\/uploads\/2020\/07\/20200727_052240-1-scaled.jpg?w=1980&amp;ssl=1 1980w\" sizes=\"(max-width: 990px) 100vw, 990px\" data-recalc-dims=\"1\" \/><\/figure>\n","protected":false},"excerpt":{"rendered":"<p>Berta, das ist Sebastians treue Begleiterin seit er vor 10 Jahren im Schwabenland ankam. Sie steht kurz vor ihrem H-Kennzeichen &hellip; <span class=\"more-button\"><a href=\"https:\/\/www.fachhallenhaus.de\/?p=212\" class=\"more-link\">Continue Reading<span class=\"screen-reader-text\">Berta wartet auf den Bus<\/span><\/a><\/span><\/p>\n","protected":false},"author":2,"featured_media":219,"comment_status":"closed","ping_status":"closed","sticky":false,"template":"","format":"standard","meta":{"footnotes":""},"categories":[4],"tags":[],"jetpack_sharing_enabled":true,"jetpack_featured_media_url":"https:\/\/i0.wp.com\/www.fachhallenhaus.de\/wp-content\/uploads\/2020\/07\/20200729_085625-scaled.jpg?fit=2560%2C1920&ssl=1","_links":{"self":[{"href":"https:\/\/www.fachhallenhaus.de\/index.php?rest_route=\/wp\/v2\/posts\/212"}],"collection":[{"href":"https:\/\/www.fachhallenhaus.de\/index.php?rest_route=\/wp\/v2\/posts"}],"about":[{"href":"https:\/\/www.fachhallenhaus.de\/index.php?rest_route=\/wp\/v2\/types\/post"}],"author":[{"embeddable":true,"href":"https:\/\/www.fachhallenhaus.de\/index.php?rest_route=\/wp\/v2\/users\/2"}],"replies":[{"embeddable":true,"href":"https:\/\/www.fachhallenhaus.de\/index.php?rest_route=%2Fwp%2Fv2%2Fcomments&post=212"}],"version-history":[{"count":3,"href":"https:\/\/www.fachhallenhaus.de\/index.php?rest_route=\/wp\/v2\/posts\/212\/revisions"}],"predecessor-version":[{"id":220,"href":"https:\/\/www.fachhallenhaus.de\/index.php?rest_route=\/wp\/v2\/posts\/212\/revisions\/220"}],"wp:featuredmedia":[{"embeddable":true,"href":"https:\/\/www.fachhallenhaus.de\/index.php?rest_route=\/wp\/v2\/media\/219"}],"wp:attachment":[{"href":"https:\/\/www.fachhallenhaus.de\/index.php?rest_route=%2Fwp%2Fv2%2Fmedia&parent=212"}],"wp:term":[{"taxonomy":"category","embeddable":true,"href":"https:\/\/www.fachhallenhaus.de\/index.php?rest_route=%2Fwp%2Fv2%2Fcategories&post=212"},{"taxonomy":"post_tag","embeddable":true,"href":"https:\/\/www.fachhallenhaus.de\/index.php?rest_route=%2Fwp%2Fv2%2Ftags&post=212"}],"curies":[{"name":"wp","href":"https:\/\/api.w.org\/{rel}","templated":true}]}}