{"id":1725,"date":"2026-01-27T20:41:09","date_gmt":"2026-01-27T20:41:09","guid":{"rendered":"https:\/\/www.fachhallenhaus.de\/?p=1725"},"modified":"2026-01-27T20:41:54","modified_gmt":"2026-01-27T20:41:54","slug":"fertigstellung-der-kueche","status":"publish","type":"post","link":"https:\/\/www.fachhallenhaus.de\/?p=1725","title":{"rendered":"Fertigstellung der K\u00fcche"},"content":{"rendered":"\n<p>Eine Bilderstrecke zu den elendig langen &#8222;Restarbeiten&#8220; in der K\u00fcche. Vor allem die K\u00fcchenzeile unter der Treppe bestand erstmal funktional nur aus Korpi. All die Verkleidung zurecht zu schneiden und einzupassen dauerte eine halbe Ewigkeit. Gut Ding will eben Weile haben&#8230;<\/p>\n\n\n\n<figure class=\"wp-block-image size-large\"><img loading=\"lazy\" decoding=\"async\" width=\"990\" height=\"743\" src=\"https:\/\/i0.wp.com\/www.fachhallenhaus.de\/wp-content\/uploads\/2025\/02\/wp-17390323821782962906231516721772.jpg?resize=990%2C743&#038;ssl=1\" alt=\"\" class=\"wp-image-1691\" srcset=\"https:\/\/i0.wp.com\/www.fachhallenhaus.de\/wp-content\/uploads\/2025\/02\/wp-17390323821782962906231516721772.jpg?w=2000&amp;ssl=1 2000w, https:\/\/i0.wp.com\/www.fachhallenhaus.de\/wp-content\/uploads\/2025\/02\/wp-17390323821782962906231516721772.jpg?resize=300%2C225&amp;ssl=1 300w, https:\/\/i0.wp.com\/www.fachhallenhaus.de\/wp-content\/uploads\/2025\/02\/wp-17390323821782962906231516721772.jpg?resize=1024%2C768&amp;ssl=1 1024w, https:\/\/i0.wp.com\/www.fachhallenhaus.de\/wp-content\/uploads\/2025\/02\/wp-17390323821782962906231516721772.jpg?resize=768%2C576&amp;ssl=1 768w, https:\/\/i0.wp.com\/www.fachhallenhaus.de\/wp-content\/uploads\/2025\/02\/wp-17390323821782962906231516721772.jpg?resize=1536%2C1152&amp;ssl=1 1536w, https:\/\/i0.wp.com\/www.fachhallenhaus.de\/wp-content\/uploads\/2025\/02\/wp-17390323821782962906231516721772.jpg?resize=755%2C566&amp;ssl=1 755w\" sizes=\"(max-width: 990px) 100vw, 990px\" data-recalc-dims=\"1\" \/><figcaption class=\"wp-element-caption\">Stand Dezember 2024<\/figcaption><\/figure>\n\n\n\n<figure class=\"wp-block-image\"><img loading=\"lazy\" decoding=\"async\" width=\"990\" height=\"743\" src=\"https:\/\/i0.wp.com\/www.fachhallenhaus.de\/wp-content\/uploads\/2026\/01\/wp-17695452299156284497968697260951.jpg?resize=990%2C743&#038;ssl=1\" alt=\"\" class=\"wp-image-1712\" srcset=\"https:\/\/i0.wp.com\/www.fachhallenhaus.de\/wp-content\/uploads\/2026\/01\/wp-17695452299156284497968697260951.jpg?w=2000&amp;ssl=1 2000w, https:\/\/i0.wp.com\/www.fachhallenhaus.de\/wp-content\/uploads\/2026\/01\/wp-17695452299156284497968697260951.jpg?resize=300%2C225&amp;ssl=1 300w, https:\/\/i0.wp.com\/www.fachhallenhaus.de\/wp-content\/uploads\/2026\/01\/wp-17695452299156284497968697260951.jpg?resize=1024%2C768&amp;ssl=1 1024w, https:\/\/i0.wp.com\/www.fachhallenhaus.de\/wp-content\/uploads\/2026\/01\/wp-17695452299156284497968697260951.jpg?resize=768%2C576&amp;ssl=1 768w, https:\/\/i0.wp.com\/www.fachhallenhaus.de\/wp-content\/uploads\/2026\/01\/wp-17695452299156284497968697260951.jpg?resize=1536%2C1152&amp;ssl=1 1536w, https:\/\/i0.wp.com\/www.fachhallenhaus.de\/wp-content\/uploads\/2026\/01\/wp-17695452299156284497968697260951.jpg?resize=755%2C566&amp;ssl=1 755w\" sizes=\"(max-width: 990px) 100vw, 990px\" data-recalc-dims=\"1\" \/><figcaption class=\"wp-element-caption\">Und hier sind alle Fronten fertig verbaut <\/figcaption><\/figure>\n\n\n\n<figure class=\"wp-block-image\"><img loading=\"lazy\" decoding=\"async\" width=\"990\" height=\"743\" src=\"https:\/\/i0.wp.com\/www.fachhallenhaus.de\/wp-content\/uploads\/2026\/01\/wp-17695452301133421948852755758935.jpg?resize=990%2C743&#038;ssl=1\" alt=\"\" class=\"wp-image-1714\" srcset=\"https:\/\/i0.wp.com\/www.fachhallenhaus.de\/wp-content\/uploads\/2026\/01\/wp-17695452301133421948852755758935.jpg?w=2000&amp;ssl=1 2000w, https:\/\/i0.wp.com\/www.fachhallenhaus.de\/wp-content\/uploads\/2026\/01\/wp-17695452301133421948852755758935.jpg?resize=300%2C225&amp;ssl=1 300w, https:\/\/i0.wp.com\/www.fachhallenhaus.de\/wp-content\/uploads\/2026\/01\/wp-17695452301133421948852755758935.jpg?resize=1024%2C768&amp;ssl=1 1024w, https:\/\/i0.wp.com\/www.fachhallenhaus.de\/wp-content\/uploads\/2026\/01\/wp-17695452301133421948852755758935.jpg?resize=768%2C576&amp;ssl=1 768w, https:\/\/i0.wp.com\/www.fachhallenhaus.de\/wp-content\/uploads\/2026\/01\/wp-17695452301133421948852755758935.jpg?resize=1536%2C1152&amp;ssl=1 1536w, https:\/\/i0.wp.com\/www.fachhallenhaus.de\/wp-content\/uploads\/2026\/01\/wp-17695452301133421948852755758935.jpg?resize=755%2C566&amp;ssl=1 755w\" sizes=\"(max-width: 990px) 100vw, 990px\" data-recalc-dims=\"1\" \/><\/figure>\n\n\n\n<figure class=\"wp-block-image\"><img loading=\"lazy\" decoding=\"async\" width=\"990\" height=\"1320\" src=\"https:\/\/i0.wp.com\/www.fachhallenhaus.de\/wp-content\/uploads\/2026\/01\/wp-17695452296648127394739234871602.jpg?resize=990%2C1320&#038;ssl=1\" alt=\"\" class=\"wp-image-1713\" srcset=\"https:\/\/i0.wp.com\/www.fachhallenhaus.de\/wp-content\/uploads\/2026\/01\/wp-17695452296648127394739234871602.jpg?w=1728&amp;ssl=1 1728w, https:\/\/i0.wp.com\/www.fachhallenhaus.de\/wp-content\/uploads\/2026\/01\/wp-17695452296648127394739234871602.jpg?resize=225%2C300&amp;ssl=1 225w, https:\/\/i0.wp.com\/www.fachhallenhaus.de\/wp-content\/uploads\/2026\/01\/wp-17695452296648127394739234871602.jpg?resize=768%2C1024&amp;ssl=1 768w, https:\/\/i0.wp.com\/www.fachhallenhaus.de\/wp-content\/uploads\/2026\/01\/wp-17695452296648127394739234871602.jpg?resize=1152%2C1536&amp;ssl=1 1152w, https:\/\/i0.wp.com\/www.fachhallenhaus.de\/wp-content\/uploads\/2026\/01\/wp-17695452296648127394739234871602.jpg?resize=1536%2C2048&amp;ssl=1 1536w\" sizes=\"(max-width: 990px) 100vw, 990px\" data-recalc-dims=\"1\" \/><\/figure>\n\n\n\n<p>Ganz links wohnt der Staubsauger und ganz rechts versteckt sich eine kleine Speis. Hier gibt es eine Arbeitsfl\u00e4che auf der all die nicht t\u00e4glich genutzten K\u00fcchenger\u00e4te Platz finden. &#8211; Und ja, ein klein bisschen Arbeit wartet hier noch. Die Regalb\u00f6den sind gerade im Finale.<\/p>\n\n\n\n<figure class=\"wp-block-video\"><video controls src=\"https:\/\/www.fachhallenhaus.de\/wp-content\/uploads\/2026\/01\/wp-1769546275114.mp4\"><\/video><\/figure>\n\n\n\n<figure class=\"wp-block-image size-large\"><img loading=\"lazy\" decoding=\"async\" width=\"990\" height=\"1320\" src=\"https:\/\/i0.wp.com\/www.fachhallenhaus.de\/wp-content\/uploads\/2026\/01\/wp-17695463310785518180119181309764.jpg?resize=990%2C1320&#038;ssl=1\" alt=\"\" class=\"wp-image-1727\" srcset=\"https:\/\/i0.wp.com\/www.fachhallenhaus.de\/wp-content\/uploads\/2026\/01\/wp-17695463310785518180119181309764.jpg?w=1512&amp;ssl=1 1512w, https:\/\/i0.wp.com\/www.fachhallenhaus.de\/wp-content\/uploads\/2026\/01\/wp-17695463310785518180119181309764.jpg?resize=225%2C300&amp;ssl=1 225w, https:\/\/i0.wp.com\/www.fachhallenhaus.de\/wp-content\/uploads\/2026\/01\/wp-17695463310785518180119181309764.jpg?resize=768%2C1024&amp;ssl=1 768w, https:\/\/i0.wp.com\/www.fachhallenhaus.de\/wp-content\/uploads\/2026\/01\/wp-17695463310785518180119181309764.jpg?resize=1152%2C1536&amp;ssl=1 1152w\" sizes=\"(max-width: 990px) 100vw, 990px\" data-recalc-dims=\"1\" \/><\/figure>\n\n\n\n<figure class=\"wp-block-image\"><img loading=\"lazy\" decoding=\"async\" width=\"990\" height=\"1320\" src=\"https:\/\/i0.wp.com\/www.fachhallenhaus.de\/wp-content\/uploads\/2026\/01\/wp-17695463313054694430680909172855.jpg?resize=990%2C1320&#038;ssl=1\" alt=\"\" class=\"wp-image-1728\" srcset=\"https:\/\/i0.wp.com\/www.fachhallenhaus.de\/wp-content\/uploads\/2026\/01\/wp-17695463313054694430680909172855.jpg?w=1512&amp;ssl=1 1512w, https:\/\/i0.wp.com\/www.fachhallenhaus.de\/wp-content\/uploads\/2026\/01\/wp-17695463313054694430680909172855.jpg?resize=225%2C300&amp;ssl=1 225w, https:\/\/i0.wp.com\/www.fachhallenhaus.de\/wp-content\/uploads\/2026\/01\/wp-17695463313054694430680909172855.jpg?resize=768%2C1024&amp;ssl=1 768w, https:\/\/i0.wp.com\/www.fachhallenhaus.de\/wp-content\/uploads\/2026\/01\/wp-17695463313054694430680909172855.jpg?resize=1152%2C1536&amp;ssl=1 1152w\" sizes=\"(max-width: 990px) 100vw, 990px\" data-recalc-dims=\"1\" \/><\/figure>\n","protected":false},"excerpt":{"rendered":"<p>Eine Bilderstrecke zu den elendig langen &#8222;Restarbeiten&#8220; in der K\u00fcche. Vor allem die K\u00fcchenzeile unter der Treppe bestand erstmal funktional &hellip; <span class=\"more-button\"><a href=\"https:\/\/www.fachhallenhaus.de\/?p=1725\" class=\"more-link\">Continue Reading<span class=\"screen-reader-text\">Fertigstellung der K\u00fcche<\/span><\/a><\/span><\/p>\n","protected":false},"author":2,"featured_media":1714,"comment_status":"closed","ping_status":"closed","sticky":false,"template":"","format":"standard","meta":{"footnotes":""},"categories":[12,26],"tags":[],"jetpack_sharing_enabled":true,"jetpack_featured_media_url":"https:\/\/i0.wp.com\/www.fachhallenhaus.de\/wp-content\/uploads\/2026\/01\/wp-17695452301133421948852755758935.jpg?fit=2000%2C1500&ssl=1","_links":{"self":[{"href":"https:\/\/www.fachhallenhaus.de\/index.php?rest_route=\/wp\/v2\/posts\/1725"}],"collection":[{"href":"https:\/\/www.fachhallenhaus.de\/index.php?rest_route=\/wp\/v2\/posts"}],"about":[{"href":"https:\/\/www.fachhallenhaus.de\/index.php?rest_route=\/wp\/v2\/types\/post"}],"author":[{"embeddable":true,"href":"https:\/\/www.fachhallenhaus.de\/index.php?rest_route=\/wp\/v2\/users\/2"}],"replies":[{"embeddable":true,"href":"https:\/\/www.fachhallenhaus.de\/index.php?rest_route=%2Fwp%2Fv2%2Fcomments&post=1725"}],"version-history":[{"count":2,"href":"https:\/\/www.fachhallenhaus.de\/index.php?rest_route=\/wp\/v2\/posts\/1725\/revisions"}],"predecessor-version":[{"id":1729,"href":"https:\/\/www.fachhallenhaus.de\/index.php?rest_route=\/wp\/v2\/posts\/1725\/revisions\/1729"}],"wp:featuredmedia":[{"embeddable":true,"href":"https:\/\/www.fachhallenhaus.de\/index.php?rest_route=\/wp\/v2\/media\/1714"}],"wp:attachment":[{"href":"https:\/\/www.fachhallenhaus.de\/index.php?rest_route=%2Fwp%2Fv2%2Fmedia&parent=1725"}],"wp:term":[{"taxonomy":"category","embeddable":true,"href":"https:\/\/www.fachhallenhaus.de\/index.php?rest_route=%2Fwp%2Fv2%2Fcategories&post=1725"},{"taxonomy":"post_tag","embeddable":true,"href":"https:\/\/www.fachhallenhaus.de\/index.php?rest_route=%2Fwp%2Fv2%2Ftags&post=1725"}],"curies":[{"name":"wp","href":"https:\/\/api.w.org\/{rel}","templated":true}]}}