{"id":1705,"date":"2026-01-27T20:31:21","date_gmt":"2026-01-27T20:31:21","guid":{"rendered":"https:\/\/www.fachhallenhaus.de\/?p=1705"},"modified":"2026-01-27T20:48:05","modified_gmt":"2026-01-27T20:48:05","slug":"im-obergeschoss","status":"publish","type":"post","link":"https:\/\/www.fachhallenhaus.de\/?p=1705","title":{"rendered":"Im Obergeschoss"},"content":{"rendered":"\n<p>Es war gef\u00fchlt eine halbe Ewigkeit ruhig hier. Nach dem Einzug und knapp 5 Jahren Sanierung haben wir es uns auch einfach mal geg\u00f6nnt, die F\u00fc\u00dfe hochzulegen und zu genie\u00dfen, was wir geschaffen haben. <\/p>\n\n\n\n<p>Nat\u00fcrlich waren wir nicht g\u00e4nzlich unt\u00e4tig. Das geht wohl auch gar nicht, wenn man so lange so intensiv an einem Projekt arbeitet. Das Tempo war aber ganz deutlich reduziert. Und so besch\u00e4ftigten wir uns in aller Ruhe mit der K\u00fcchenzeile unter der Treppe, dem Garten und mit etlichem Kleinkram. Zur K\u00fcche gibt es ein paar Bilder im separaten Beitrag. <\/p>\n\n\n\n<p>Seit einer Weile haben wir wieder mehr Fahrt aufgenommen und sind flei\u00dfig im Obergeschoss. Aber wie immer: Erstmal wieder den ganzen Eingangsbereich mit Baumaterial verstopfen. Alles voll mit Fermacell, Lehmputztr\u00e4gern und ESB Platten. Ohje&#8230;<\/p>\n\n\n\n<figure class=\"wp-block-image size-large\"><img loading=\"lazy\" decoding=\"async\" width=\"990\" height=\"1320\" src=\"https:\/\/i0.wp.com\/www.fachhallenhaus.de\/wp-content\/uploads\/2026\/01\/wp-1769545231203102667808150035487.jpg?resize=990%2C1320&#038;ssl=1\" alt=\"\" class=\"wp-image-1718\" srcset=\"https:\/\/i0.wp.com\/www.fachhallenhaus.de\/wp-content\/uploads\/2026\/01\/wp-1769545231203102667808150035487.jpg?w=1512&amp;ssl=1 1512w, https:\/\/i0.wp.com\/www.fachhallenhaus.de\/wp-content\/uploads\/2026\/01\/wp-1769545231203102667808150035487.jpg?resize=225%2C300&amp;ssl=1 225w, https:\/\/i0.wp.com\/www.fachhallenhaus.de\/wp-content\/uploads\/2026\/01\/wp-1769545231203102667808150035487.jpg?resize=768%2C1024&amp;ssl=1 768w, https:\/\/i0.wp.com\/www.fachhallenhaus.de\/wp-content\/uploads\/2026\/01\/wp-1769545231203102667808150035487.jpg?resize=1152%2C1536&amp;ssl=1 1152w\" sizes=\"(max-width: 990px) 100vw, 990px\" data-recalc-dims=\"1\" \/><\/figure>\n\n\n\n<figure class=\"wp-block-image\"><img loading=\"lazy\" decoding=\"async\" width=\"990\" height=\"1320\" src=\"https:\/\/i0.wp.com\/www.fachhallenhaus.de\/wp-content\/uploads\/2026\/01\/wp-17695452308981472540006136353224.jpg?resize=990%2C1320&#038;ssl=1\" alt=\"\" class=\"wp-image-1719\" srcset=\"https:\/\/i0.wp.com\/www.fachhallenhaus.de\/wp-content\/uploads\/2026\/01\/wp-17695452308981472540006136353224.jpg?w=1512&amp;ssl=1 1512w, https:\/\/i0.wp.com\/www.fachhallenhaus.de\/wp-content\/uploads\/2026\/01\/wp-17695452308981472540006136353224.jpg?resize=225%2C300&amp;ssl=1 225w, https:\/\/i0.wp.com\/www.fachhallenhaus.de\/wp-content\/uploads\/2026\/01\/wp-17695452308981472540006136353224.jpg?resize=768%2C1024&amp;ssl=1 768w, https:\/\/i0.wp.com\/www.fachhallenhaus.de\/wp-content\/uploads\/2026\/01\/wp-17695452308981472540006136353224.jpg?resize=1152%2C1536&amp;ssl=1 1152w\" sizes=\"(max-width: 990px) 100vw, 990px\" data-recalc-dims=\"1\" \/><\/figure>\n\n\n\n<p>Solange es der dicke Bauch nur irgendwie zugelassen hat, half ich tatkr\u00e4ftig mit, die W\u00e4nde zu bauen. Fun fact: es gibt einfach keine Umstands-Arbeitshosen, aber der Flexi Bund vom Strauss beherbergt den Bauch ne ganze Weile.<\/p>\n\n\n\n<figure class=\"wp-block-image size-large\"><img loading=\"lazy\" decoding=\"async\" width=\"990\" height=\"743\" src=\"https:\/\/i0.wp.com\/www.fachhallenhaus.de\/wp-content\/uploads\/2026\/01\/img_4663.jpg?resize=990%2C743&#038;ssl=1\" alt=\"\" class=\"wp-image-1721\" srcset=\"https:\/\/i0.wp.com\/www.fachhallenhaus.de\/wp-content\/uploads\/2026\/01\/img_4663.jpg?w=2000&amp;ssl=1 2000w, https:\/\/i0.wp.com\/www.fachhallenhaus.de\/wp-content\/uploads\/2026\/01\/img_4663.jpg?resize=300%2C225&amp;ssl=1 300w, https:\/\/i0.wp.com\/www.fachhallenhaus.de\/wp-content\/uploads\/2026\/01\/img_4663.jpg?resize=1024%2C768&amp;ssl=1 1024w, https:\/\/i0.wp.com\/www.fachhallenhaus.de\/wp-content\/uploads\/2026\/01\/img_4663.jpg?resize=768%2C576&amp;ssl=1 768w, https:\/\/i0.wp.com\/www.fachhallenhaus.de\/wp-content\/uploads\/2026\/01\/img_4663.jpg?resize=1536%2C1152&amp;ssl=1 1536w, https:\/\/i0.wp.com\/www.fachhallenhaus.de\/wp-content\/uploads\/2026\/01\/img_4663.jpg?resize=755%2C566&amp;ssl=1 755w\" sizes=\"(max-width: 990px) 100vw, 990px\" data-recalc-dims=\"1\" \/><\/figure>\n\n\n\n<figure class=\"wp-block-image\"><img loading=\"lazy\" decoding=\"async\" width=\"990\" height=\"743\" src=\"https:\/\/i0.wp.com\/www.fachhallenhaus.de\/wp-content\/uploads\/2026\/01\/img_4664.jpg?resize=990%2C743&#038;ssl=1\" alt=\"\" class=\"wp-image-1722\" srcset=\"https:\/\/i0.wp.com\/www.fachhallenhaus.de\/wp-content\/uploads\/2026\/01\/img_4664.jpg?w=2000&amp;ssl=1 2000w, https:\/\/i0.wp.com\/www.fachhallenhaus.de\/wp-content\/uploads\/2026\/01\/img_4664.jpg?resize=300%2C225&amp;ssl=1 300w, https:\/\/i0.wp.com\/www.fachhallenhaus.de\/wp-content\/uploads\/2026\/01\/img_4664.jpg?resize=1024%2C768&amp;ssl=1 1024w, https:\/\/i0.wp.com\/www.fachhallenhaus.de\/wp-content\/uploads\/2026\/01\/img_4664.jpg?resize=768%2C576&amp;ssl=1 768w, https:\/\/i0.wp.com\/www.fachhallenhaus.de\/wp-content\/uploads\/2026\/01\/img_4664.jpg?resize=1536%2C1152&amp;ssl=1 1536w, https:\/\/i0.wp.com\/www.fachhallenhaus.de\/wp-content\/uploads\/2026\/01\/img_4664.jpg?resize=755%2C566&amp;ssl=1 755w\" sizes=\"(max-width: 990px) 100vw, 990px\" data-recalc-dims=\"1\" \/><\/figure>\n\n\n\n<p>Als ich mich dann von der Baustelle in den Mutterschutz verabschiedete, sprang sofort unser flei\u00dfiger Helfer Horschtel mit ein. Und so haben Sebastian und Horschtel in den letzten Wochen das erste Kinderzimmer komplett mit Fermacell Platten an Decke und Schr\u00e4ge verkleidet. Die Lehmputztr\u00e4gerplatten hatte Sebastian schon in die Vertikale gebracht. Zuletzt kam noch Struktur f\u00fcrs Hochbett an die Wand und ein Fenster in die Giebelwand hin zum Rest-Dachboden.<\/p>\n\n\n\n<figure class=\"wp-block-image size-large\"><img loading=\"lazy\" decoding=\"async\" width=\"990\" height=\"1320\" src=\"https:\/\/i0.wp.com\/www.fachhallenhaus.de\/wp-content\/uploads\/2026\/01\/wp-17695452294001870773749168032556.jpg?resize=990%2C1320&#038;ssl=1\" alt=\"\" class=\"wp-image-1710\" srcset=\"https:\/\/i0.wp.com\/www.fachhallenhaus.de\/wp-content\/uploads\/2026\/01\/wp-17695452294001870773749168032556.jpg?w=1512&amp;ssl=1 1512w, https:\/\/i0.wp.com\/www.fachhallenhaus.de\/wp-content\/uploads\/2026\/01\/wp-17695452294001870773749168032556.jpg?resize=225%2C300&amp;ssl=1 225w, https:\/\/i0.wp.com\/www.fachhallenhaus.de\/wp-content\/uploads\/2026\/01\/wp-17695452294001870773749168032556.jpg?resize=768%2C1024&amp;ssl=1 768w, https:\/\/i0.wp.com\/www.fachhallenhaus.de\/wp-content\/uploads\/2026\/01\/wp-17695452294001870773749168032556.jpg?resize=1152%2C1536&amp;ssl=1 1152w\" sizes=\"(max-width: 990px) 100vw, 990px\" data-recalc-dims=\"1\" \/><figcaption class=\"wp-element-caption\">Was jetzt noch unbeplankt ist, erh\u00e4lt Wandheizung <\/figcaption><\/figure>\n\n\n\n<figure class=\"wp-block-image\"><img loading=\"lazy\" decoding=\"async\" width=\"990\" height=\"1320\" src=\"https:\/\/i0.wp.com\/www.fachhallenhaus.de\/wp-content\/uploads\/2026\/01\/20260123_093536-scaled.jpg?resize=990%2C1320&#038;ssl=1\" alt=\"\" class=\"wp-image-1704\" srcset=\"https:\/\/i0.wp.com\/www.fachhallenhaus.de\/wp-content\/uploads\/2026\/01\/20260123_093536-scaled.jpg?w=1920&amp;ssl=1 1920w, https:\/\/i0.wp.com\/www.fachhallenhaus.de\/wp-content\/uploads\/2026\/01\/20260123_093536-scaled.jpg?resize=225%2C300&amp;ssl=1 225w, https:\/\/i0.wp.com\/www.fachhallenhaus.de\/wp-content\/uploads\/2026\/01\/20260123_093536-scaled.jpg?resize=768%2C1024&amp;ssl=1 768w, https:\/\/i0.wp.com\/www.fachhallenhaus.de\/wp-content\/uploads\/2026\/01\/20260123_093536-scaled.jpg?resize=1152%2C1536&amp;ssl=1 1152w, https:\/\/i0.wp.com\/www.fachhallenhaus.de\/wp-content\/uploads\/2026\/01\/20260123_093536-scaled.jpg?resize=1536%2C2048&amp;ssl=1 1536w\" sizes=\"(max-width: 990px) 100vw, 990px\" data-recalc-dims=\"1\" \/><figcaption class=\"wp-element-caption\">Sch\u00f6n zu sehen sind die alten Deckenbalken. Der Statiker bestand auf Erhalt. Uns waren die Deckenh\u00f6hen zu gering. Und so d\u00fcrfen die sch\u00f6nen alten Balken nun in jedem Zimmer sichtbar laufen. Platz f\u00fcr Hochbett, H\u00e4ngematte und Co.<\/figcaption><\/figure>\n\n\n\n<figure class=\"wp-block-image\"><img loading=\"lazy\" decoding=\"async\" width=\"990\" height=\"1320\" src=\"https:\/\/i0.wp.com\/www.fachhallenhaus.de\/wp-content\/uploads\/2026\/01\/wp-17695452292112811368553803561775.jpg?resize=990%2C1320&#038;ssl=1\" alt=\"\" class=\"wp-image-1711\" srcset=\"https:\/\/i0.wp.com\/www.fachhallenhaus.de\/wp-content\/uploads\/2026\/01\/wp-17695452292112811368553803561775.jpg?w=1512&amp;ssl=1 1512w, https:\/\/i0.wp.com\/www.fachhallenhaus.de\/wp-content\/uploads\/2026\/01\/wp-17695452292112811368553803561775.jpg?resize=225%2C300&amp;ssl=1 225w, https:\/\/i0.wp.com\/www.fachhallenhaus.de\/wp-content\/uploads\/2026\/01\/wp-17695452292112811368553803561775.jpg?resize=768%2C1024&amp;ssl=1 768w, https:\/\/i0.wp.com\/www.fachhallenhaus.de\/wp-content\/uploads\/2026\/01\/wp-17695452292112811368553803561775.jpg?resize=1152%2C1536&amp;ssl=1 1152w\" sizes=\"(max-width: 990px) 100vw, 990px\" data-recalc-dims=\"1\" \/><figcaption class=\"wp-element-caption\">Schr\u00e4gen werden mit Kalk auf den Fermacellplatten verspachtelt. Die Senkrechten bekommen Lehmputz.<\/figcaption><\/figure>\n\n\n\n<figure class=\"wp-block-image\"><img loading=\"lazy\" decoding=\"async\" width=\"990\" height=\"743\" src=\"https:\/\/i0.wp.com\/www.fachhallenhaus.de\/wp-content\/uploads\/2026\/01\/wp-17695452288574779179197833417087.jpg?resize=990%2C743&#038;ssl=1\" alt=\"\" class=\"wp-image-1707\" srcset=\"https:\/\/i0.wp.com\/www.fachhallenhaus.de\/wp-content\/uploads\/2026\/01\/wp-17695452288574779179197833417087.jpg?w=2000&amp;ssl=1 2000w, https:\/\/i0.wp.com\/www.fachhallenhaus.de\/wp-content\/uploads\/2026\/01\/wp-17695452288574779179197833417087.jpg?resize=300%2C225&amp;ssl=1 300w, https:\/\/i0.wp.com\/www.fachhallenhaus.de\/wp-content\/uploads\/2026\/01\/wp-17695452288574779179197833417087.jpg?resize=1024%2C768&amp;ssl=1 1024w, https:\/\/i0.wp.com\/www.fachhallenhaus.de\/wp-content\/uploads\/2026\/01\/wp-17695452288574779179197833417087.jpg?resize=768%2C576&amp;ssl=1 768w, https:\/\/i0.wp.com\/www.fachhallenhaus.de\/wp-content\/uploads\/2026\/01\/wp-17695452288574779179197833417087.jpg?resize=1536%2C1152&amp;ssl=1 1536w, https:\/\/i0.wp.com\/www.fachhallenhaus.de\/wp-content\/uploads\/2026\/01\/wp-17695452288574779179197833417087.jpg?resize=755%2C566&amp;ssl=1 755w\" sizes=\"(max-width: 990px) 100vw, 990px\" data-recalc-dims=\"1\" \/><\/figure>\n\n\n\n<figure class=\"wp-block-image\"><img loading=\"lazy\" decoding=\"async\" width=\"990\" height=\"743\" src=\"https:\/\/i0.wp.com\/www.fachhallenhaus.de\/wp-content\/uploads\/2026\/01\/wp-17695452290183950731652887392363.jpg?resize=990%2C743&#038;ssl=1\" alt=\"\" class=\"wp-image-1708\" srcset=\"https:\/\/i0.wp.com\/www.fachhallenhaus.de\/wp-content\/uploads\/2026\/01\/wp-17695452290183950731652887392363.jpg?w=2000&amp;ssl=1 2000w, https:\/\/i0.wp.com\/www.fachhallenhaus.de\/wp-content\/uploads\/2026\/01\/wp-17695452290183950731652887392363.jpg?resize=300%2C225&amp;ssl=1 300w, https:\/\/i0.wp.com\/www.fachhallenhaus.de\/wp-content\/uploads\/2026\/01\/wp-17695452290183950731652887392363.jpg?resize=1024%2C768&amp;ssl=1 1024w, https:\/\/i0.wp.com\/www.fachhallenhaus.de\/wp-content\/uploads\/2026\/01\/wp-17695452290183950731652887392363.jpg?resize=768%2C576&amp;ssl=1 768w, https:\/\/i0.wp.com\/www.fachhallenhaus.de\/wp-content\/uploads\/2026\/01\/wp-17695452290183950731652887392363.jpg?resize=1536%2C1152&amp;ssl=1 1536w, https:\/\/i0.wp.com\/www.fachhallenhaus.de\/wp-content\/uploads\/2026\/01\/wp-17695452290183950731652887392363.jpg?resize=755%2C566&amp;ssl=1 755w\" sizes=\"(max-width: 990px) 100vw, 990px\" data-recalc-dims=\"1\" \/><\/figure>\n\n\n\n<p>Nun fehlt noch die Wandheizung und dann geht es weiter am Fu\u00dfboden. Wir sind ganz erfreut, hier erst k\u00fcrzlich einen Sonderposten B Ware unserer Esche Dielen erstanden zu haben. So passt das Obergeschoss zum Erdgeschoss und die Materialversorgung rei\u00dft nicht ab.<\/p>\n","protected":false},"excerpt":{"rendered":"<p>Es war gef\u00fchlt eine halbe Ewigkeit ruhig hier. Nach dem Einzug und knapp 5 Jahren Sanierung haben wir es uns &hellip; <span class=\"more-button\"><a href=\"https:\/\/www.fachhallenhaus.de\/?p=1705\" class=\"more-link\">Continue Reading<span class=\"screen-reader-text\">Im Obergeschoss<\/span><\/a><\/span><\/p>\n","protected":false},"author":2,"featured_media":1704,"comment_status":"closed","ping_status":"closed","sticky":false,"template":"","format":"standard","meta":{"footnotes":""},"categories":[9],"tags":[],"jetpack_sharing_enabled":true,"jetpack_featured_media_url":"https:\/\/i0.wp.com\/www.fachhallenhaus.de\/wp-content\/uploads\/2026\/01\/20260123_093536-scaled.jpg?fit=1920%2C2560&ssl=1","_links":{"self":[{"href":"https:\/\/www.fachhallenhaus.de\/index.php?rest_route=\/wp\/v2\/posts\/1705"}],"collection":[{"href":"https:\/\/www.fachhallenhaus.de\/index.php?rest_route=\/wp\/v2\/posts"}],"about":[{"href":"https:\/\/www.fachhallenhaus.de\/index.php?rest_route=\/wp\/v2\/types\/post"}],"author":[{"embeddable":true,"href":"https:\/\/www.fachhallenhaus.de\/index.php?rest_route=\/wp\/v2\/users\/2"}],"replies":[{"embeddable":true,"href":"https:\/\/www.fachhallenhaus.de\/index.php?rest_route=%2Fwp%2Fv2%2Fcomments&post=1705"}],"version-history":[{"count":3,"href":"https:\/\/www.fachhallenhaus.de\/index.php?rest_route=\/wp\/v2\/posts\/1705\/revisions"}],"predecessor-version":[{"id":1730,"href":"https:\/\/www.fachhallenhaus.de\/index.php?rest_route=\/wp\/v2\/posts\/1705\/revisions\/1730"}],"wp:featuredmedia":[{"embeddable":true,"href":"https:\/\/www.fachhallenhaus.de\/index.php?rest_route=\/wp\/v2\/media\/1704"}],"wp:attachment":[{"href":"https:\/\/www.fachhallenhaus.de\/index.php?rest_route=%2Fwp%2Fv2%2Fmedia&parent=1705"}],"wp:term":[{"taxonomy":"category","embeddable":true,"href":"https:\/\/www.fachhallenhaus.de\/index.php?rest_route=%2Fwp%2Fv2%2Fcategories&post=1705"},{"taxonomy":"post_tag","embeddable":true,"href":"https:\/\/www.fachhallenhaus.de\/index.php?rest_route=%2Fwp%2Fv2%2Ftags&post=1705"}],"curies":[{"name":"wp","href":"https:\/\/api.w.org\/{rel}","templated":true}]}}