{"id":1702,"date":"2025-09-06T20:49:13","date_gmt":"2025-09-06T20:49:13","guid":{"rendered":"https:\/\/www.fachhallenhaus.de\/?p=1702"},"modified":"2025-09-10T20:49:40","modified_gmt":"2025-09-10T20:49:40","slug":"tag-des-offenen-denkmals-2025","status":"publish","type":"post","link":"https:\/\/www.fachhallenhaus.de\/?p=1702","title":{"rendered":"Tag des offenen Denkmals 2025"},"content":{"rendered":"\n<p>Willkommen zum Tag des offenen Denkmals.<\/p>\n\n\n\n<p>Auch dieses Jahr \u00f6ffnen wir wieder f\u00fcr euch. Von 13-17 Uhr stehen wir am Sonntag den 14.09. f\u00fcr all eure Fragen bereit.<\/p>\n\n\n\n<p>Ob ihr mit uns \u00fcber die \u00f6kologische Sanierung, den KFW Energiestandard im Denkmal oder \u00fcber den Deichhof ganz allgemein sprechen wollt &#8211; l\u00f6chert uns gerne mit euren Fragen.<\/p>\n\n\n\n<p>Wir bieten Kaffee und Kuchen an, solange der Vorrat reicht. <\/p>\n\n\n\n<p>Da wir inzwischen im Wohnbereich wohnen, ist dieser an dem Tag leider nicht zu besichtigen.<\/p>\n\n\n\n<figure class=\"wp-block-image size-large\"><img loading=\"lazy\" decoding=\"async\" width=\"212\" height=\"300\" src=\"https:\/\/i0.wp.com\/www.fachhallenhaus.de\/wp-content\/uploads\/2025\/09\/image0014760273464365844508.png?resize=212%2C300&#038;ssl=1\" alt=\"\" class=\"wp-image-1700\" srcset=\"https:\/\/i0.wp.com\/www.fachhallenhaus.de\/wp-content\/uploads\/2025\/09\/image0014760273464365844508.png?resize=212%2C300&amp;ssl=1 212w, https:\/\/i0.wp.com\/www.fachhallenhaus.de\/wp-content\/uploads\/2025\/09\/image0014760273464365844508.png?w=609&amp;ssl=1 609w\" sizes=\"(max-width: 212px) 100vw, 212px\" data-recalc-dims=\"1\" \/><\/figure>\n","protected":false},"excerpt":{"rendered":"<p>Willkommen zum Tag des offenen Denkmals. Auch dieses Jahr \u00f6ffnen wir wieder f\u00fcr euch. Von 13-17 Uhr stehen wir am &hellip; <span class=\"more-button\"><a href=\"https:\/\/www.fachhallenhaus.de\/?p=1702\" class=\"more-link\">Continue Reading<span class=\"screen-reader-text\">Tag des offenen Denkmals 2025<\/span><\/a><\/span><\/p>\n","protected":false},"author":2,"featured_media":1701,"comment_status":"closed","ping_status":"closed","sticky":false,"template":"","format":"standard","meta":{"footnotes":""},"categories":[1],"tags":[],"jetpack_sharing_enabled":true,"jetpack_featured_media_url":"https:\/\/i0.wp.com\/www.fachhallenhaus.de\/wp-content\/uploads\/2025\/09\/image002.png?fit=1142%2C858&ssl=1","_links":{"self":[{"href":"https:\/\/www.fachhallenhaus.de\/index.php?rest_route=\/wp\/v2\/posts\/1702"}],"collection":[{"href":"https:\/\/www.fachhallenhaus.de\/index.php?rest_route=\/wp\/v2\/posts"}],"about":[{"href":"https:\/\/www.fachhallenhaus.de\/index.php?rest_route=\/wp\/v2\/types\/post"}],"author":[{"embeddable":true,"href":"https:\/\/www.fachhallenhaus.de\/index.php?rest_route=\/wp\/v2\/users\/2"}],"replies":[{"embeddable":true,"href":"https:\/\/www.fachhallenhaus.de\/index.php?rest_route=%2Fwp%2Fv2%2Fcomments&post=1702"}],"version-history":[{"count":1,"href":"https:\/\/www.fachhallenhaus.de\/index.php?rest_route=\/wp\/v2\/posts\/1702\/revisions"}],"predecessor-version":[{"id":1703,"href":"https:\/\/www.fachhallenhaus.de\/index.php?rest_route=\/wp\/v2\/posts\/1702\/revisions\/1703"}],"wp:featuredmedia":[{"embeddable":true,"href":"https:\/\/www.fachhallenhaus.de\/index.php?rest_route=\/wp\/v2\/media\/1701"}],"wp:attachment":[{"href":"https:\/\/www.fachhallenhaus.de\/index.php?rest_route=%2Fwp%2Fv2%2Fmedia&parent=1702"}],"wp:term":[{"taxonomy":"category","embeddable":true,"href":"https:\/\/www.fachhallenhaus.de\/index.php?rest_route=%2Fwp%2Fv2%2Fcategories&post=1702"},{"taxonomy":"post_tag","embeddable":true,"href":"https:\/\/www.fachhallenhaus.de\/index.php?rest_route=%2Fwp%2Fv2%2Ftags&post=1702"}],"curies":[{"name":"wp","href":"https:\/\/api.w.org\/{rel}","templated":true}]}}