{"id":1637,"date":"2024-07-30T20:02:11","date_gmt":"2024-07-30T20:02:11","guid":{"rendered":"https:\/\/www.fachhallenhaus.de\/?p=1637"},"modified":"2024-07-30T20:02:43","modified_gmt":"2024-07-30T20:02:43","slug":"fliesen-im-windfang","status":"publish","type":"post","link":"https:\/\/www.fachhallenhaus.de\/?p=1637","title":{"rendered":"Fliesen im Windfang"},"content":{"rendered":"\n<p>Drei Jahre lang lagerten diese Fliesen bei uns in der Tenne. <\/p>\n\n\n\n<p>Urspr\u00fcnglich bei Kleinanzeigen gefunden, in Meerbusch bei D\u00fcsseldorf abgeholt und dann erstmal verstaut. Es handelt sich um Fliesen von Villeroy und Boch, die ca. 1918 in Mettlach gefertigt wurden. 17&#215;17 cm und 2cm stark sind die Fliesen nicht wie man oft denkt &#8222;Zementfliesen&#8220; sondern es handelt sich um Feinsteinzeug.<\/p>\n\n\n\n<p>Die Planung schreitet voran und klar ist: nicht ausreichend Bord\u00fcre ist vorhanden. Die Bord\u00fcre ist urspr\u00fcnglich nicht vom selben Hersteller sondern von Utzschneider und Ed Jaunez. Ewige Recherchen f\u00fchren uns zu Farma Zahna und Golem. Dort werden alte Muster neu produziert. &#8211; recht kostspielig und dann passt auch sicher der Farbton nicht ganz&#8230; Eine gewisse Ratlosigkeit stellt sich ein,\u00a0 &#8211; doch eine unifarbene Fliese als Bord\u00fcre zu den &#8222;Blumen&#8220;? Via Fliesen sind der Favorit &#8211; \u00e4hnlich dick und in verschiedenen Farben verf\u00fcgbar. Trotz Musterkasten, der schier monatelang bei uns steht, sind wir total unschl\u00fcssig, welche Farbe denn so einigerma\u00dfen passen k\u00f6nnte. 100% passt nat\u00fcrlich keine&#8230;<\/p>\n\n\n\n<p>Und dann, f\u00fchrt ein bisschen bl\u00f6des Rumklicken im Web auf eine neue F\u00e4hrte. Irgendwie fiel mir die digitale Version von Originalkatalogen von Fliesen dieser Zeit in die H\u00e4nde. Dort finden sich dann die alten Artikelnummern, was ich schon mega spannend fand &#8211; und dann&#8230; der gro\u00dfe Suchassistent spuckt tats\u00e4chlich ein Resultat aus. Schlussendlich finde ich meinen Weg zu einem H\u00e4ndler historischer Baustoffe in Freiburg. Und der hat eine grob passende Anzahl genau unserer Bord\u00fcre. V\u00f6llig verr\u00fcckt.<\/p>\n\n\n\n<p>Sebastian muss nat\u00fcrlich bei seinem n\u00e4chsten Stuttgart Aufenthalt &#8222;mal kurz&#8220; nach Freiburg sausen und die Fliesen abholen.<\/p>\n\n\n\n<p>Verlegemuster, sp\u00e4tere Gr\u00f6\u00dfe der M\u00f6bel, Abst\u00e4nde usw. ausget\u00fcftelt und nun ist, es endlich soweit. Unsere Oldies finden ihren Weg in den Eingangsbereich unseres Hauses. <\/p>\n\n\n\n<figure class=\"wp-block-image\"><img loading=\"lazy\" decoding=\"async\" width=\"768\" height=\"1024\" src=\"https:\/\/i0.wp.com\/www.fachhallenhaus.de\/wp-content\/uploads\/2024\/07\/20240729_1349328786569904348368453.jpg?resize=768%2C1024&#038;ssl=1\" alt=\"\" class=\"wp-image-1635\" srcset=\"https:\/\/i0.wp.com\/www.fachhallenhaus.de\/wp-content\/uploads\/2024\/07\/20240729_1349328786569904348368453.jpg?resize=768%2C1024&amp;ssl=1 768w, https:\/\/i0.wp.com\/www.fachhallenhaus.de\/wp-content\/uploads\/2024\/07\/20240729_1349328786569904348368453.jpg?resize=225%2C300&amp;ssl=1 225w, https:\/\/i0.wp.com\/www.fachhallenhaus.de\/wp-content\/uploads\/2024\/07\/20240729_1349328786569904348368453.jpg?resize=1152%2C1536&amp;ssl=1 1152w, https:\/\/i0.wp.com\/www.fachhallenhaus.de\/wp-content\/uploads\/2024\/07\/20240729_1349328786569904348368453.jpg?w=1512&amp;ssl=1 1512w\" sizes=\"(max-width: 768px) 100vw, 768px\" data-recalc-dims=\"1\" \/><\/figure>\n\n\n\n<p>Sebastian hat alle H\u00e4nde voll zu tun, M\u00f6rtelreste entfernen und die Umrandung auf Ma\u00df schneiden. <\/p>\n\n\n\n<figure class=\"wp-block-image\"><img loading=\"lazy\" decoding=\"async\" width=\"768\" height=\"1024\" src=\"https:\/\/i0.wp.com\/www.fachhallenhaus.de\/wp-content\/uploads\/2024\/07\/20240729_1809328305466028382061789.jpg?resize=768%2C1024&#038;ssl=1\" alt=\"\" class=\"wp-image-1636\" srcset=\"https:\/\/i0.wp.com\/www.fachhallenhaus.de\/wp-content\/uploads\/2024\/07\/20240729_1809328305466028382061789.jpg?resize=768%2C1024&amp;ssl=1 768w, https:\/\/i0.wp.com\/www.fachhallenhaus.de\/wp-content\/uploads\/2024\/07\/20240729_1809328305466028382061789.jpg?resize=225%2C300&amp;ssl=1 225w, https:\/\/i0.wp.com\/www.fachhallenhaus.de\/wp-content\/uploads\/2024\/07\/20240729_1809328305466028382061789.jpg?resize=1152%2C1536&amp;ssl=1 1152w, https:\/\/i0.wp.com\/www.fachhallenhaus.de\/wp-content\/uploads\/2024\/07\/20240729_1809328305466028382061789.jpg?w=1512&amp;ssl=1 1512w\" sizes=\"(max-width: 768px) 100vw, 768px\" data-recalc-dims=\"1\" \/><\/figure>\n\n\n\n<figure class=\"wp-block-image size-large\"><img loading=\"lazy\" decoding=\"async\" width=\"990\" height=\"1320\" src=\"https:\/\/i0.wp.com\/www.fachhallenhaus.de\/wp-content\/uploads\/2024\/07\/wp-17223672330957305991773155271376.jpg?resize=990%2C1320&#038;ssl=1\" alt=\"\" class=\"wp-image-1644\" srcset=\"https:\/\/i0.wp.com\/www.fachhallenhaus.de\/wp-content\/uploads\/2024\/07\/wp-17223672330957305991773155271376.jpg?w=1512&amp;ssl=1 1512w, https:\/\/i0.wp.com\/www.fachhallenhaus.de\/wp-content\/uploads\/2024\/07\/wp-17223672330957305991773155271376.jpg?resize=225%2C300&amp;ssl=1 225w, https:\/\/i0.wp.com\/www.fachhallenhaus.de\/wp-content\/uploads\/2024\/07\/wp-17223672330957305991773155271376.jpg?resize=768%2C1024&amp;ssl=1 768w, https:\/\/i0.wp.com\/www.fachhallenhaus.de\/wp-content\/uploads\/2024\/07\/wp-17223672330957305991773155271376.jpg?resize=1152%2C1536&amp;ssl=1 1152w\" sizes=\"(max-width: 990px) 100vw, 990px\" data-recalc-dims=\"1\" \/><\/figure>\n\n\n\n<p>Rund um den Fliesenteppich finden unsere Restbest\u00e4nde belgischer Blaustein aus der K\u00fcche Verwendung. Nahezu jede Platte muss geflext werden, die 1,5cm starken Platten lassen sich nat\u00fcrlich nicht mit einem herk\u00f6mmlichen Fliesenschneider schneiden. Egal, daran wird es jetzt nicht scheitern \ud83d\ude09 Sebastian hat sogar sein Mittagessen geopfert, um flott voran zu kommen. Und wer Sebastian kennt, wei\u00df, welch gro\u00dfes Opfer das ist \ud83d\ude42<\/p>\n\n\n\n<figure class=\"wp-block-image\"><img loading=\"lazy\" decoding=\"async\" width=\"990\" height=\"1320\" src=\"https:\/\/i0.wp.com\/www.fachhallenhaus.de\/wp-content\/uploads\/2024\/07\/wp-17223672312821907018467223444379.jpg?resize=990%2C1320&#038;ssl=1\" alt=\"\" class=\"wp-image-1640\" srcset=\"https:\/\/i0.wp.com\/www.fachhallenhaus.de\/wp-content\/uploads\/2024\/07\/wp-17223672312821907018467223444379.jpg?w=1512&amp;ssl=1 1512w, https:\/\/i0.wp.com\/www.fachhallenhaus.de\/wp-content\/uploads\/2024\/07\/wp-17223672312821907018467223444379.jpg?resize=225%2C300&amp;ssl=1 225w, https:\/\/i0.wp.com\/www.fachhallenhaus.de\/wp-content\/uploads\/2024\/07\/wp-17223672312821907018467223444379.jpg?resize=768%2C1024&amp;ssl=1 768w, https:\/\/i0.wp.com\/www.fachhallenhaus.de\/wp-content\/uploads\/2024\/07\/wp-17223672312821907018467223444379.jpg?resize=1152%2C1536&amp;ssl=1 1152w\" sizes=\"(max-width: 990px) 100vw, 990px\" data-recalc-dims=\"1\" \/><\/figure>\n\n\n\n<p>Im Inneren entschieden wir uns f\u00fcr helle Fugenmasse. Mal sehen wie sich das so ver\u00e4ndert im Eingangsbereich, vermutlich wird es von alleine schnell dunkel. Aber zumindest jetzt sieht es sehr schick aus. <\/p>\n\n\n\n<p>Der Blaustein bekommt noch eine Quarzsand\/Zement-Fuge. Das haben wir auch in der K\u00fcche so und f\u00fcr gut befunden. <\/p>\n\n\n\n<figure class=\"wp-block-image\"><img loading=\"lazy\" decoding=\"async\" width=\"990\" height=\"1320\" src=\"https:\/\/i0.wp.com\/www.fachhallenhaus.de\/wp-content\/uploads\/2024\/07\/wp-17223672317087148319201522934753.jpg?resize=990%2C1320&#038;ssl=1\" alt=\"\" class=\"wp-image-1643\" srcset=\"https:\/\/i0.wp.com\/www.fachhallenhaus.de\/wp-content\/uploads\/2024\/07\/wp-17223672317087148319201522934753.jpg?w=1728&amp;ssl=1 1728w, https:\/\/i0.wp.com\/www.fachhallenhaus.de\/wp-content\/uploads\/2024\/07\/wp-17223672317087148319201522934753.jpg?resize=225%2C300&amp;ssl=1 225w, https:\/\/i0.wp.com\/www.fachhallenhaus.de\/wp-content\/uploads\/2024\/07\/wp-17223672317087148319201522934753.jpg?resize=768%2C1024&amp;ssl=1 768w, https:\/\/i0.wp.com\/www.fachhallenhaus.de\/wp-content\/uploads\/2024\/07\/wp-17223672317087148319201522934753.jpg?resize=1152%2C1536&amp;ssl=1 1152w, https:\/\/i0.wp.com\/www.fachhallenhaus.de\/wp-content\/uploads\/2024\/07\/wp-17223672317087148319201522934753.jpg?resize=1536%2C2048&amp;ssl=1 1536w\" sizes=\"(max-width: 990px) 100vw, 990px\" data-recalc-dims=\"1\" \/><\/figure>\n\n\n\n<figure class=\"wp-block-image\"><img loading=\"lazy\" decoding=\"async\" width=\"990\" height=\"1320\" src=\"https:\/\/i0.wp.com\/www.fachhallenhaus.de\/wp-content\/uploads\/2024\/07\/wp-17223672321447196461335597414029.jpg?resize=990%2C1320&#038;ssl=1\" alt=\"\" class=\"wp-image-1642\" srcset=\"https:\/\/i0.wp.com\/www.fachhallenhaus.de\/wp-content\/uploads\/2024\/07\/wp-17223672321447196461335597414029.jpg?w=1512&amp;ssl=1 1512w, https:\/\/i0.wp.com\/www.fachhallenhaus.de\/wp-content\/uploads\/2024\/07\/wp-17223672321447196461335597414029.jpg?resize=225%2C300&amp;ssl=1 225w, https:\/\/i0.wp.com\/www.fachhallenhaus.de\/wp-content\/uploads\/2024\/07\/wp-17223672321447196461335597414029.jpg?resize=768%2C1024&amp;ssl=1 768w, https:\/\/i0.wp.com\/www.fachhallenhaus.de\/wp-content\/uploads\/2024\/07\/wp-17223672321447196461335597414029.jpg?resize=1152%2C1536&amp;ssl=1 1152w\" sizes=\"(max-width: 990px) 100vw, 990px\" data-recalc-dims=\"1\" \/><\/figure>\n\n\n\n<figure class=\"wp-block-image\"><img loading=\"lazy\" decoding=\"async\" width=\"990\" height=\"1320\" src=\"https:\/\/i0.wp.com\/www.fachhallenhaus.de\/wp-content\/uploads\/2024\/07\/wp-17223672324772687561049218798512.jpg?resize=990%2C1320&#038;ssl=1\" alt=\"\" class=\"wp-image-1641\" srcset=\"https:\/\/i0.wp.com\/www.fachhallenhaus.de\/wp-content\/uploads\/2024\/07\/wp-17223672324772687561049218798512.jpg?w=1728&amp;ssl=1 1728w, https:\/\/i0.wp.com\/www.fachhallenhaus.de\/wp-content\/uploads\/2024\/07\/wp-17223672324772687561049218798512.jpg?resize=225%2C300&amp;ssl=1 225w, https:\/\/i0.wp.com\/www.fachhallenhaus.de\/wp-content\/uploads\/2024\/07\/wp-17223672324772687561049218798512.jpg?resize=768%2C1024&amp;ssl=1 768w, https:\/\/i0.wp.com\/www.fachhallenhaus.de\/wp-content\/uploads\/2024\/07\/wp-17223672324772687561049218798512.jpg?resize=1152%2C1536&amp;ssl=1 1152w, https:\/\/i0.wp.com\/www.fachhallenhaus.de\/wp-content\/uploads\/2024\/07\/wp-17223672324772687561049218798512.jpg?resize=1536%2C2048&amp;ssl=1 1536w\" sizes=\"(max-width: 990px) 100vw, 990px\" data-recalc-dims=\"1\" \/><\/figure>\n\n\n\n<figure class=\"wp-block-image\"><img loading=\"lazy\" decoding=\"async\" width=\"990\" height=\"743\" src=\"https:\/\/i0.wp.com\/www.fachhallenhaus.de\/wp-content\/uploads\/2024\/07\/wp-17223672328475657339532325639813.jpg?resize=990%2C743&#038;ssl=1\" alt=\"\" class=\"wp-image-1639\" srcset=\"https:\/\/i0.wp.com\/www.fachhallenhaus.de\/wp-content\/uploads\/2024\/07\/wp-17223672328475657339532325639813.jpg?w=2000&amp;ssl=1 2000w, https:\/\/i0.wp.com\/www.fachhallenhaus.de\/wp-content\/uploads\/2024\/07\/wp-17223672328475657339532325639813.jpg?resize=300%2C225&amp;ssl=1 300w, https:\/\/i0.wp.com\/www.fachhallenhaus.de\/wp-content\/uploads\/2024\/07\/wp-17223672328475657339532325639813.jpg?resize=1024%2C768&amp;ssl=1 1024w, https:\/\/i0.wp.com\/www.fachhallenhaus.de\/wp-content\/uploads\/2024\/07\/wp-17223672328475657339532325639813.jpg?resize=768%2C576&amp;ssl=1 768w, https:\/\/i0.wp.com\/www.fachhallenhaus.de\/wp-content\/uploads\/2024\/07\/wp-17223672328475657339532325639813.jpg?resize=1536%2C1152&amp;ssl=1 1536w, https:\/\/i0.wp.com\/www.fachhallenhaus.de\/wp-content\/uploads\/2024\/07\/wp-17223672328475657339532325639813.jpg?resize=755%2C566&amp;ssl=1 755w\" sizes=\"(max-width: 990px) 100vw, 990px\" data-recalc-dims=\"1\" \/><\/figure>\n\n\n\n<p>Wir sind ganz aus dem H\u00e4uschen und sehr gl\u00fccklich \u00fcber unseren Fliesenteppich. Die Geduld hat sich total gelohnt. Manchmal darf man einfach nicht locker lassen \ud83d\ude42<\/p>\n\n\n\n<p>Fun facts am Rande: von der Bord\u00fcre sind noch 6 Fliesen \u00fcbrig und auch der Blaustein ist nahezu vollst\u00e4ndig verbaut. Da war kein Platz f\u00fcr Fehlschnitte. Leben am Limit \ud83d\ude09<\/p>\n","protected":false},"excerpt":{"rendered":"<p>Drei Jahre lang lagerten diese Fliesen bei uns in der Tenne. Urspr\u00fcnglich bei Kleinanzeigen gefunden, in Meerbusch bei D\u00fcsseldorf abgeholt &hellip; <span class=\"more-button\"><a href=\"https:\/\/www.fachhallenhaus.de\/?p=1637\" class=\"more-link\">Continue Reading<span class=\"screen-reader-text\">Fliesen im Windfang<\/span><\/a><\/span><\/p>\n","protected":false},"author":2,"featured_media":1642,"comment_status":"closed","ping_status":"closed","sticky":false,"template":"","format":"standard","meta":{"footnotes":""},"categories":[1],"tags":[],"jetpack_sharing_enabled":true,"jetpack_featured_media_url":"https:\/\/i0.wp.com\/www.fachhallenhaus.de\/wp-content\/uploads\/2024\/07\/wp-17223672321447196461335597414029.jpg?fit=1512%2C2016&ssl=1","_links":{"self":[{"href":"https:\/\/www.fachhallenhaus.de\/index.php?rest_route=\/wp\/v2\/posts\/1637"}],"collection":[{"href":"https:\/\/www.fachhallenhaus.de\/index.php?rest_route=\/wp\/v2\/posts"}],"about":[{"href":"https:\/\/www.fachhallenhaus.de\/index.php?rest_route=\/wp\/v2\/types\/post"}],"author":[{"embeddable":true,"href":"https:\/\/www.fachhallenhaus.de\/index.php?rest_route=\/wp\/v2\/users\/2"}],"replies":[{"embeddable":true,"href":"https:\/\/www.fachhallenhaus.de\/index.php?rest_route=%2Fwp%2Fv2%2Fcomments&post=1637"}],"version-history":[{"count":2,"href":"https:\/\/www.fachhallenhaus.de\/index.php?rest_route=\/wp\/v2\/posts\/1637\/revisions"}],"predecessor-version":[{"id":1647,"href":"https:\/\/www.fachhallenhaus.de\/index.php?rest_route=\/wp\/v2\/posts\/1637\/revisions\/1647"}],"wp:featuredmedia":[{"embeddable":true,"href":"https:\/\/www.fachhallenhaus.de\/index.php?rest_route=\/wp\/v2\/media\/1642"}],"wp:attachment":[{"href":"https:\/\/www.fachhallenhaus.de\/index.php?rest_route=%2Fwp%2Fv2%2Fmedia&parent=1637"}],"wp:term":[{"taxonomy":"category","embeddable":true,"href":"https:\/\/www.fachhallenhaus.de\/index.php?rest_route=%2Fwp%2Fv2%2Fcategories&post=1637"},{"taxonomy":"post_tag","embeddable":true,"href":"https:\/\/www.fachhallenhaus.de\/index.php?rest_route=%2Fwp%2Fv2%2Ftags&post=1637"}],"curies":[{"name":"wp","href":"https:\/\/api.w.org\/{rel}","templated":true}]}}