{"id":1624,"date":"2024-07-16T20:43:46","date_gmt":"2024-07-16T20:43:46","guid":{"rendered":"https:\/\/www.fachhallenhaus.de\/?p=1624"},"modified":"2024-07-16T20:47:13","modified_gmt":"2024-07-16T20:47:13","slug":"tischlerkurs","status":"publish","type":"post","link":"https:\/\/www.fachhallenhaus.de\/?p=1624","title":{"rendered":"Tischlerkurs"},"content":{"rendered":"\n<p>So ganz langsam n\u00e4hern wir uns dem Ziel des Einzuges. Und nat\u00fcrlich ben\u00f6tigen wir auch ein paar M\u00f6bel f\u00fcr unser Haus. Torsten Speer, unser \u00fcberaus gesch\u00e4tzter Nachbar,\u00a0 lie\u00df sich schnell \u00fcberzeugen, einen Tischlerkurs anzubieten.<\/p>\n\n\n\n<p>Und so startete ich mit zwei weiteren Teilnehmern Ende Juni zu einem dreit\u00e4gigen Kurs. Zun\u00e4chst gab es ein paar Basics, wie z.B das Sch\u00e4rfen der Werkzeuge. &#8211; Sehr n\u00fctzliches Wissen!<\/p>\n\n\n\n<p>Weiter ging es dann mit dem Zinken und dann ging es flie\u00dfend \u00fcber in die drei verschiedenen Projekte, die wir uns im Vorfeld ausgedacht hatten. <\/p>\n\n\n\n<p>Mein Projekt war etwas gr\u00f6\u00dfer und maschinenlastiger, &#8211; der Bau eines TV Lowboards. Kay zinkte einen Kasten und Petra baute einen klappbaren Blumenst\u00e4nder.<\/p>\n\n\n\n<figure class=\"wp-block-image\"><img loading=\"lazy\" decoding=\"async\" width=\"990\" height=\"990\" src=\"https:\/\/i0.wp.com\/www.fachhallenhaus.de\/wp-content\/uploads\/2024\/07\/img_20240629_213810_1236435365033054946815-1.jpg?resize=990%2C990&#038;ssl=1\" alt=\"\" class=\"wp-image-1619\" srcset=\"https:\/\/i0.wp.com\/www.fachhallenhaus.de\/wp-content\/uploads\/2024\/07\/img_20240629_213810_1236435365033054946815-1.jpg?resize=1024%2C1024&amp;ssl=1 1024w, https:\/\/i0.wp.com\/www.fachhallenhaus.de\/wp-content\/uploads\/2024\/07\/img_20240629_213810_1236435365033054946815-1.jpg?resize=300%2C300&amp;ssl=1 300w, https:\/\/i0.wp.com\/www.fachhallenhaus.de\/wp-content\/uploads\/2024\/07\/img_20240629_213810_1236435365033054946815-1.jpg?resize=150%2C150&amp;ssl=1 150w, https:\/\/i0.wp.com\/www.fachhallenhaus.de\/wp-content\/uploads\/2024\/07\/img_20240629_213810_1236435365033054946815-1.jpg?resize=768%2C768&amp;ssl=1 768w, https:\/\/i0.wp.com\/www.fachhallenhaus.de\/wp-content\/uploads\/2024\/07\/img_20240629_213810_1236435365033054946815-1.jpg?resize=270%2C270&amp;ssl=1 270w, https:\/\/i0.wp.com\/www.fachhallenhaus.de\/wp-content\/uploads\/2024\/07\/img_20240629_213810_1236435365033054946815-1.jpg?resize=480%2C480&amp;ssl=1 480w, https:\/\/i0.wp.com\/www.fachhallenhaus.de\/wp-content\/uploads\/2024\/07\/img_20240629_213810_1236435365033054946815-1.jpg?resize=100%2C100&amp;ssl=1 100w, https:\/\/i0.wp.com\/www.fachhallenhaus.de\/wp-content\/uploads\/2024\/07\/img_20240629_213810_1236435365033054946815-1.jpg?w=1200&amp;ssl=1 1200w\" sizes=\"(max-width: 990px) 100vw, 990px\" data-recalc-dims=\"1\" \/><figcaption class=\"wp-element-caption\">Hier fr\u00e4se ich mit der Oberfr\u00e4se die Nut f\u00fcr die LED Beleuchtung am der Unterseite des M\u00f6bels.<\/figcaption><\/figure>\n\n\n\n<figure class=\"wp-block-image\"><img loading=\"lazy\" decoding=\"async\" width=\"990\" height=\"990\" src=\"https:\/\/i0.wp.com\/www.fachhallenhaus.de\/wp-content\/uploads\/2024\/07\/img_20240629_213810_2955490133726408315358-1.jpg?resize=990%2C990&#038;ssl=1\" alt=\"\" class=\"wp-image-1621\" srcset=\"https:\/\/i0.wp.com\/www.fachhallenhaus.de\/wp-content\/uploads\/2024\/07\/img_20240629_213810_2955490133726408315358-1.jpg?resize=1024%2C1024&amp;ssl=1 1024w, https:\/\/i0.wp.com\/www.fachhallenhaus.de\/wp-content\/uploads\/2024\/07\/img_20240629_213810_2955490133726408315358-1.jpg?resize=300%2C300&amp;ssl=1 300w, https:\/\/i0.wp.com\/www.fachhallenhaus.de\/wp-content\/uploads\/2024\/07\/img_20240629_213810_2955490133726408315358-1.jpg?resize=150%2C150&amp;ssl=1 150w, https:\/\/i0.wp.com\/www.fachhallenhaus.de\/wp-content\/uploads\/2024\/07\/img_20240629_213810_2955490133726408315358-1.jpg?resize=768%2C768&amp;ssl=1 768w, https:\/\/i0.wp.com\/www.fachhallenhaus.de\/wp-content\/uploads\/2024\/07\/img_20240629_213810_2955490133726408315358-1.jpg?resize=270%2C270&amp;ssl=1 270w, https:\/\/i0.wp.com\/www.fachhallenhaus.de\/wp-content\/uploads\/2024\/07\/img_20240629_213810_2955490133726408315358-1.jpg?resize=480%2C480&amp;ssl=1 480w, https:\/\/i0.wp.com\/www.fachhallenhaus.de\/wp-content\/uploads\/2024\/07\/img_20240629_213810_2955490133726408315358-1.jpg?resize=100%2C100&amp;ssl=1 100w, https:\/\/i0.wp.com\/www.fachhallenhaus.de\/wp-content\/uploads\/2024\/07\/img_20240629_213810_2955490133726408315358-1.jpg?w=1440&amp;ssl=1 1440w\" sizes=\"(max-width: 990px) 100vw, 990px\" data-recalc-dims=\"1\" \/><figcaption class=\"wp-element-caption\">Die Verbindungen fr\u00e4se ich mit der Lamellofr\u00e4se. Genaues Arbeiten ist n\u00f6tig, sonst ergeben sich sp\u00e4ter keine rechtwinkligen St\u00f6\u00dfe.<\/figcaption><\/figure>\n\n\n\n<figure class=\"wp-block-image\"><img loading=\"lazy\" decoding=\"async\" width=\"990\" height=\"990\" src=\"https:\/\/i0.wp.com\/www.fachhallenhaus.de\/wp-content\/uploads\/2024\/07\/img_20240629_213810_2687499844500787678257-1.jpg?resize=990%2C990&#038;ssl=1\" alt=\"\" class=\"wp-image-1623\" srcset=\"https:\/\/i0.wp.com\/www.fachhallenhaus.de\/wp-content\/uploads\/2024\/07\/img_20240629_213810_2687499844500787678257-1.jpg?resize=1024%2C1024&amp;ssl=1 1024w, https:\/\/i0.wp.com\/www.fachhallenhaus.de\/wp-content\/uploads\/2024\/07\/img_20240629_213810_2687499844500787678257-1.jpg?resize=300%2C300&amp;ssl=1 300w, https:\/\/i0.wp.com\/www.fachhallenhaus.de\/wp-content\/uploads\/2024\/07\/img_20240629_213810_2687499844500787678257-1.jpg?resize=150%2C150&amp;ssl=1 150w, https:\/\/i0.wp.com\/www.fachhallenhaus.de\/wp-content\/uploads\/2024\/07\/img_20240629_213810_2687499844500787678257-1.jpg?resize=768%2C768&amp;ssl=1 768w, https:\/\/i0.wp.com\/www.fachhallenhaus.de\/wp-content\/uploads\/2024\/07\/img_20240629_213810_2687499844500787678257-1.jpg?resize=270%2C270&amp;ssl=1 270w, https:\/\/i0.wp.com\/www.fachhallenhaus.de\/wp-content\/uploads\/2024\/07\/img_20240629_213810_2687499844500787678257-1.jpg?resize=480%2C480&amp;ssl=1 480w, https:\/\/i0.wp.com\/www.fachhallenhaus.de\/wp-content\/uploads\/2024\/07\/img_20240629_213810_2687499844500787678257-1.jpg?resize=100%2C100&amp;ssl=1 100w, https:\/\/i0.wp.com\/www.fachhallenhaus.de\/wp-content\/uploads\/2024\/07\/img_20240629_213810_2687499844500787678257-1.jpg?w=1440&amp;ssl=1 1440w\" sizes=\"(max-width: 990px) 100vw, 990px\" data-recalc-dims=\"1\" \/><figcaption class=\"wp-element-caption\">Erster Teil wird verleimt<\/figcaption><\/figure>\n\n\n\n<figure class=\"wp-block-image\"><img loading=\"lazy\" decoding=\"async\" width=\"990\" height=\"990\" src=\"https:\/\/i0.wp.com\/www.fachhallenhaus.de\/wp-content\/uploads\/2024\/07\/img_20240629_213810_228875979966035173552-1.jpg?resize=990%2C990&#038;ssl=1\" alt=\"\" class=\"wp-image-1620\" srcset=\"https:\/\/i0.wp.com\/www.fachhallenhaus.de\/wp-content\/uploads\/2024\/07\/img_20240629_213810_228875979966035173552-1.jpg?resize=1024%2C1024&amp;ssl=1 1024w, https:\/\/i0.wp.com\/www.fachhallenhaus.de\/wp-content\/uploads\/2024\/07\/img_20240629_213810_228875979966035173552-1.jpg?resize=300%2C300&amp;ssl=1 300w, https:\/\/i0.wp.com\/www.fachhallenhaus.de\/wp-content\/uploads\/2024\/07\/img_20240629_213810_228875979966035173552-1.jpg?resize=150%2C150&amp;ssl=1 150w, https:\/\/i0.wp.com\/www.fachhallenhaus.de\/wp-content\/uploads\/2024\/07\/img_20240629_213810_228875979966035173552-1.jpg?resize=768%2C768&amp;ssl=1 768w, https:\/\/i0.wp.com\/www.fachhallenhaus.de\/wp-content\/uploads\/2024\/07\/img_20240629_213810_228875979966035173552-1.jpg?resize=270%2C270&amp;ssl=1 270w, https:\/\/i0.wp.com\/www.fachhallenhaus.de\/wp-content\/uploads\/2024\/07\/img_20240629_213810_228875979966035173552-1.jpg?resize=480%2C480&amp;ssl=1 480w, https:\/\/i0.wp.com\/www.fachhallenhaus.de\/wp-content\/uploads\/2024\/07\/img_20240629_213810_228875979966035173552-1.jpg?resize=100%2C100&amp;ssl=1 100w, https:\/\/i0.wp.com\/www.fachhallenhaus.de\/wp-content\/uploads\/2024\/07\/img_20240629_213810_228875979966035173552-1.jpg?w=1440&amp;ssl=1 1440w\" sizes=\"(max-width: 990px) 100vw, 990px\" data-recalc-dims=\"1\" \/><figcaption class=\"wp-element-caption\">Und auch der Rest des Kastens wird verleimt<\/figcaption><\/figure>\n\n\n\n<figure class=\"wp-block-image\"><img loading=\"lazy\" decoding=\"async\" width=\"990\" height=\"990\" src=\"https:\/\/i0.wp.com\/www.fachhallenhaus.de\/wp-content\/uploads\/2024\/07\/img_20240629_213810_2064544413982064292923-1.jpg?resize=990%2C990&#038;ssl=1\" alt=\"\" class=\"wp-image-1622\" srcset=\"https:\/\/i0.wp.com\/www.fachhallenhaus.de\/wp-content\/uploads\/2024\/07\/img_20240629_213810_2064544413982064292923-1.jpg?resize=1024%2C1024&amp;ssl=1 1024w, https:\/\/i0.wp.com\/www.fachhallenhaus.de\/wp-content\/uploads\/2024\/07\/img_20240629_213810_2064544413982064292923-1.jpg?resize=300%2C300&amp;ssl=1 300w, https:\/\/i0.wp.com\/www.fachhallenhaus.de\/wp-content\/uploads\/2024\/07\/img_20240629_213810_2064544413982064292923-1.jpg?resize=150%2C150&amp;ssl=1 150w, https:\/\/i0.wp.com\/www.fachhallenhaus.de\/wp-content\/uploads\/2024\/07\/img_20240629_213810_2064544413982064292923-1.jpg?resize=768%2C768&amp;ssl=1 768w, https:\/\/i0.wp.com\/www.fachhallenhaus.de\/wp-content\/uploads\/2024\/07\/img_20240629_213810_2064544413982064292923-1.jpg?resize=270%2C270&amp;ssl=1 270w, https:\/\/i0.wp.com\/www.fachhallenhaus.de\/wp-content\/uploads\/2024\/07\/img_20240629_213810_2064544413982064292923-1.jpg?resize=480%2C480&amp;ssl=1 480w, https:\/\/i0.wp.com\/www.fachhallenhaus.de\/wp-content\/uploads\/2024\/07\/img_20240629_213810_2064544413982064292923-1.jpg?resize=100%2C100&amp;ssl=1 100w, https:\/\/i0.wp.com\/www.fachhallenhaus.de\/wp-content\/uploads\/2024\/07\/img_20240629_213810_2064544413982064292923-1.jpg?w=1440&amp;ssl=1 1440w\" sizes=\"(max-width: 990px) 100vw, 990px\" data-recalc-dims=\"1\" \/><\/figure>\n\n\n\n<p>Zum Ende des Kurses ist mein Korpus fertig. <\/p>\n\n\n\n<p>Ich durfte nochmal wiederkommen um Schubladen zu bauen, die Schiebet\u00fcren mit ihren Beschl\u00e4gen zu versehen und die T\u00fcren anzuschlagen. <\/p>\n\n\n\n<p>Und dann geht&#8217;s weiter mit der Oberfl\u00e4che &#8211; das wird dann aber zu Hause gemacht. Ebenso wie der &#8222;Deckel&#8220; &#8211; eine markante Diele irgendwo aus dem Haus ausgebaut und sch\u00f6n geb\u00fcrstet. <\/p>\n\n\n\n<p>Fazit zum Tischlerkurs: Er macht absolut Sinn! Auch wenn ich mich grunds\u00e4tzlich f\u00fcr begabt halte und auch schon einiges gemacht habe, so sind die vielen Tipps vom Profi einfach erhellend. Was tun, wenn man mal einen Fehler gemacht hat, war ebenso Thema wie Tricks und Kniffe zur richtigen Handhabung der Werkzeuge oder dem winkligen Verkleben des M\u00f6bels usw. Bringt mich weiter und daher empfehle ich euch Torsten Speer in Haseldorf gerne. <\/p>\n","protected":false},"excerpt":{"rendered":"<p>So ganz langsam n\u00e4hern wir uns dem Ziel des Einzuges. Und nat\u00fcrlich ben\u00f6tigen wir auch ein paar M\u00f6bel f\u00fcr unser &hellip; <span class=\"more-button\"><a href=\"https:\/\/www.fachhallenhaus.de\/?p=1624\" class=\"more-link\">Continue Reading<span class=\"screen-reader-text\">Tischlerkurs<\/span><\/a><\/span><\/p>\n","protected":false},"author":2,"featured_media":1626,"comment_status":"closed","ping_status":"closed","sticky":false,"template":"","format":"standard","meta":{"footnotes":""},"categories":[12,24],"tags":[],"jetpack_sharing_enabled":true,"jetpack_featured_media_url":"https:\/\/i0.wp.com\/www.fachhallenhaus.de\/wp-content\/uploads\/2024\/07\/IMG_20240629_213810_268.jpg?fit=1440%2C1440&ssl=1","_links":{"self":[{"href":"https:\/\/www.fachhallenhaus.de\/index.php?rest_route=\/wp\/v2\/posts\/1624"}],"collection":[{"href":"https:\/\/www.fachhallenhaus.de\/index.php?rest_route=\/wp\/v2\/posts"}],"about":[{"href":"https:\/\/www.fachhallenhaus.de\/index.php?rest_route=\/wp\/v2\/types\/post"}],"author":[{"embeddable":true,"href":"https:\/\/www.fachhallenhaus.de\/index.php?rest_route=\/wp\/v2\/users\/2"}],"replies":[{"embeddable":true,"href":"https:\/\/www.fachhallenhaus.de\/index.php?rest_route=%2Fwp%2Fv2%2Fcomments&post=1624"}],"version-history":[{"count":2,"href":"https:\/\/www.fachhallenhaus.de\/index.php?rest_route=\/wp\/v2\/posts\/1624\/revisions"}],"predecessor-version":[{"id":1627,"href":"https:\/\/www.fachhallenhaus.de\/index.php?rest_route=\/wp\/v2\/posts\/1624\/revisions\/1627"}],"wp:featuredmedia":[{"embeddable":true,"href":"https:\/\/www.fachhallenhaus.de\/index.php?rest_route=\/wp\/v2\/media\/1626"}],"wp:attachment":[{"href":"https:\/\/www.fachhallenhaus.de\/index.php?rest_route=%2Fwp%2Fv2%2Fmedia&parent=1624"}],"wp:term":[{"taxonomy":"category","embeddable":true,"href":"https:\/\/www.fachhallenhaus.de\/index.php?rest_route=%2Fwp%2Fv2%2Fcategories&post=1624"},{"taxonomy":"post_tag","embeddable":true,"href":"https:\/\/www.fachhallenhaus.de\/index.php?rest_route=%2Fwp%2Fv2%2Ftags&post=1624"}],"curies":[{"name":"wp","href":"https:\/\/api.w.org\/{rel}","templated":true}]}}