{"id":1568,"date":"2024-04-29T20:44:26","date_gmt":"2024-04-29T20:44:26","guid":{"rendered":"https:\/\/www.fachhallenhaus.de\/?p=1568"},"modified":"2024-04-29T20:46:24","modified_gmt":"2024-04-29T20:46:24","slug":"der-windfang-legt-nach","status":"publish","type":"post","link":"https:\/\/www.fachhallenhaus.de\/?p=1568","title":{"rendered":"Der Windfang legt nach"},"content":{"rendered":"\n<p>Unser Eingangsbereich hinkte irgendwie in allen Belangen hinterher und das schon die ganze Zeit. Die Operation, um den Fu\u00dfboden rauszuholen, war riesig. Estrich kam sp\u00e4ter, weil hier noch Leitungen im Weg waren. Dann fehlte lange das Fenster und auch die W\u00e4nde und die Decke brauchten ewig, bis wir sie in Angriff nahmen. Den Raum hatten wir immer hinten angestellt, &#8222;ist ja kein Wohnraum&#8220;&#8230; Da wir uns inzwischen aber ordentliche Inseln schaffen und keinen staubigen Durchgangsverkehr in der K\u00fcche brauchten, musste nun auch der Windfang aufholen.<\/p>\n\n\n\n<p>Also letzte Handgriffe bei der Innend\u00e4mmung und alles aufzahnen, damit der Putz gut h\u00e4lt. Sch\u00f6n D\u00e4mmputz an die Laibungen und dann der finale Putz an die Wand.<\/p>\n\n\n\n<figure class=\"wp-block-image size-large\"><img loading=\"lazy\" decoding=\"async\" width=\"990\" height=\"743\" src=\"https:\/\/i0.wp.com\/www.fachhallenhaus.de\/wp-content\/uploads\/2023\/12\/wp-17039755831626229280111294029199.jpg?resize=990%2C743&#038;ssl=1\" alt=\"\" class=\"wp-image-1503\" srcset=\"https:\/\/i0.wp.com\/www.fachhallenhaus.de\/wp-content\/uploads\/2023\/12\/wp-17039755831626229280111294029199.jpg?w=2000&amp;ssl=1 2000w, https:\/\/i0.wp.com\/www.fachhallenhaus.de\/wp-content\/uploads\/2023\/12\/wp-17039755831626229280111294029199.jpg?resize=300%2C225&amp;ssl=1 300w, https:\/\/i0.wp.com\/www.fachhallenhaus.de\/wp-content\/uploads\/2023\/12\/wp-17039755831626229280111294029199.jpg?resize=1024%2C768&amp;ssl=1 1024w, https:\/\/i0.wp.com\/www.fachhallenhaus.de\/wp-content\/uploads\/2023\/12\/wp-17039755831626229280111294029199.jpg?resize=768%2C576&amp;ssl=1 768w, https:\/\/i0.wp.com\/www.fachhallenhaus.de\/wp-content\/uploads\/2023\/12\/wp-17039755831626229280111294029199.jpg?resize=1536%2C1152&amp;ssl=1 1536w, https:\/\/i0.wp.com\/www.fachhallenhaus.de\/wp-content\/uploads\/2023\/12\/wp-17039755831626229280111294029199.jpg?resize=755%2C566&amp;ssl=1 755w\" sizes=\"(max-width: 990px) 100vw, 990px\" data-recalc-dims=\"1\" \/><\/figure>\n\n\n\n<p>Als n\u00e4chstes ist die Decke dran. Abkleben, Latten und Zellulose als Einblasd\u00e4mmung. Dann noch Rigips f\u00fcr eine glatte Decke, Spachteln und schleifen.<\/p>\n\n\n\n<figure class=\"wp-block-image\"><img loading=\"lazy\" decoding=\"async\" width=\"990\" height=\"743\" src=\"https:\/\/i0.wp.com\/www.fachhallenhaus.de\/wp-content\/uploads\/2024\/01\/wp-17057678899111737025896241207123.jpg?resize=990%2C743&#038;ssl=1\" alt=\"\" class=\"wp-image-1514\" srcset=\"https:\/\/i0.wp.com\/www.fachhallenhaus.de\/wp-content\/uploads\/2024\/01\/wp-17057678899111737025896241207123.jpg?w=2000&amp;ssl=1 2000w, https:\/\/i0.wp.com\/www.fachhallenhaus.de\/wp-content\/uploads\/2024\/01\/wp-17057678899111737025896241207123.jpg?resize=300%2C225&amp;ssl=1 300w, https:\/\/i0.wp.com\/www.fachhallenhaus.de\/wp-content\/uploads\/2024\/01\/wp-17057678899111737025896241207123.jpg?resize=1024%2C768&amp;ssl=1 1024w, https:\/\/i0.wp.com\/www.fachhallenhaus.de\/wp-content\/uploads\/2024\/01\/wp-17057678899111737025896241207123.jpg?resize=768%2C576&amp;ssl=1 768w, https:\/\/i0.wp.com\/www.fachhallenhaus.de\/wp-content\/uploads\/2024\/01\/wp-17057678899111737025896241207123.jpg?resize=1536%2C1152&amp;ssl=1 1536w, https:\/\/i0.wp.com\/www.fachhallenhaus.de\/wp-content\/uploads\/2024\/01\/wp-17057678899111737025896241207123.jpg?resize=755%2C566&amp;ssl=1 755w\" sizes=\"(max-width: 990px) 100vw, 990px\" data-recalc-dims=\"1\" \/><\/figure>\n\n\n\n<figure class=\"wp-block-image\"><img loading=\"lazy\" decoding=\"async\" width=\"990\" height=\"743\" src=\"https:\/\/i0.wp.com\/www.fachhallenhaus.de\/wp-content\/uploads\/2024\/01\/wp-17057678893294397715590355772355.jpg?resize=990%2C743&#038;ssl=1\" alt=\"\" class=\"wp-image-1513\" srcset=\"https:\/\/i0.wp.com\/www.fachhallenhaus.de\/wp-content\/uploads\/2024\/01\/wp-17057678893294397715590355772355.jpg?w=2000&amp;ssl=1 2000w, https:\/\/i0.wp.com\/www.fachhallenhaus.de\/wp-content\/uploads\/2024\/01\/wp-17057678893294397715590355772355.jpg?resize=300%2C225&amp;ssl=1 300w, https:\/\/i0.wp.com\/www.fachhallenhaus.de\/wp-content\/uploads\/2024\/01\/wp-17057678893294397715590355772355.jpg?resize=1024%2C768&amp;ssl=1 1024w, https:\/\/i0.wp.com\/www.fachhallenhaus.de\/wp-content\/uploads\/2024\/01\/wp-17057678893294397715590355772355.jpg?resize=768%2C576&amp;ssl=1 768w, https:\/\/i0.wp.com\/www.fachhallenhaus.de\/wp-content\/uploads\/2024\/01\/wp-17057678893294397715590355772355.jpg?resize=1536%2C1152&amp;ssl=1 1536w, https:\/\/i0.wp.com\/www.fachhallenhaus.de\/wp-content\/uploads\/2024\/01\/wp-17057678893294397715590355772355.jpg?resize=755%2C566&amp;ssl=1 755w\" sizes=\"(max-width: 990px) 100vw, 990px\" data-recalc-dims=\"1\" \/><\/figure>\n\n\n\n<p>Ein bisschen Trockenbau rund um den Z\u00e4hlerschrank und schon schaut es hier auch ordentlich aus. <\/p>\n\n\n\n<p>Die Decke wird noch final gestrichen, W\u00e4nde ebenfalls (Finaler Anstrich erst nach dem Fliesenlegen) und schlie\u00dflich darf die Elektrik samt Einbauleuchten angeschlossen werden. <\/p>\n\n\n\n<figure class=\"wp-block-image size-large\"><img loading=\"lazy\" decoding=\"async\" width=\"990\" height=\"743\" src=\"https:\/\/i0.wp.com\/www.fachhallenhaus.de\/wp-content\/uploads\/2024\/04\/wp-17144229014193165311626452606376.jpg?resize=990%2C743&#038;ssl=1\" alt=\"\" class=\"wp-image-1566\" srcset=\"https:\/\/i0.wp.com\/www.fachhallenhaus.de\/wp-content\/uploads\/2024\/04\/wp-17144229014193165311626452606376.jpg?w=2000&amp;ssl=1 2000w, https:\/\/i0.wp.com\/www.fachhallenhaus.de\/wp-content\/uploads\/2024\/04\/wp-17144229014193165311626452606376.jpg?resize=300%2C225&amp;ssl=1 300w, https:\/\/i0.wp.com\/www.fachhallenhaus.de\/wp-content\/uploads\/2024\/04\/wp-17144229014193165311626452606376.jpg?resize=1024%2C768&amp;ssl=1 1024w, https:\/\/i0.wp.com\/www.fachhallenhaus.de\/wp-content\/uploads\/2024\/04\/wp-17144229014193165311626452606376.jpg?resize=768%2C576&amp;ssl=1 768w, https:\/\/i0.wp.com\/www.fachhallenhaus.de\/wp-content\/uploads\/2024\/04\/wp-17144229014193165311626452606376.jpg?resize=1536%2C1152&amp;ssl=1 1536w, https:\/\/i0.wp.com\/www.fachhallenhaus.de\/wp-content\/uploads\/2024\/04\/wp-17144229014193165311626452606376.jpg?resize=755%2C566&amp;ssl=1 755w\" sizes=\"(max-width: 990px) 100vw, 990px\" data-recalc-dims=\"1\" \/><\/figure>\n\n\n\n<figure class=\"wp-block-image size-large\"><img loading=\"lazy\" decoding=\"async\" width=\"990\" height=\"743\" src=\"https:\/\/i0.wp.com\/www.fachhallenhaus.de\/wp-content\/uploads\/2024\/04\/wp-1714423354020618878803459890753.jpg?resize=990%2C743&#038;ssl=1\" alt=\"\" class=\"wp-image-1573\" srcset=\"https:\/\/i0.wp.com\/www.fachhallenhaus.de\/wp-content\/uploads\/2024\/04\/wp-1714423354020618878803459890753.jpg?w=2000&amp;ssl=1 2000w, https:\/\/i0.wp.com\/www.fachhallenhaus.de\/wp-content\/uploads\/2024\/04\/wp-1714423354020618878803459890753.jpg?resize=300%2C225&amp;ssl=1 300w, https:\/\/i0.wp.com\/www.fachhallenhaus.de\/wp-content\/uploads\/2024\/04\/wp-1714423354020618878803459890753.jpg?resize=1024%2C768&amp;ssl=1 1024w, https:\/\/i0.wp.com\/www.fachhallenhaus.de\/wp-content\/uploads\/2024\/04\/wp-1714423354020618878803459890753.jpg?resize=768%2C576&amp;ssl=1 768w, https:\/\/i0.wp.com\/www.fachhallenhaus.de\/wp-content\/uploads\/2024\/04\/wp-1714423354020618878803459890753.jpg?resize=1536%2C1152&amp;ssl=1 1536w, https:\/\/i0.wp.com\/www.fachhallenhaus.de\/wp-content\/uploads\/2024\/04\/wp-1714423354020618878803459890753.jpg?resize=755%2C566&amp;ssl=1 755w\" sizes=\"(max-width: 990px) 100vw, 990px\" data-recalc-dims=\"1\" \/><\/figure>\n\n\n\n<p>Alles fertig f\u00fcr die Fliesen und letzte Handgriffe, wie Zargen, Leisten usw.<\/p>\n","protected":false},"excerpt":{"rendered":"<p>Unser Eingangsbereich hinkte irgendwie in allen Belangen hinterher und das schon die ganze Zeit. Die Operation, um den Fu\u00dfboden rauszuholen, &hellip; <span class=\"more-button\"><a href=\"https:\/\/www.fachhallenhaus.de\/?p=1568\" class=\"more-link\">Continue Reading<span class=\"screen-reader-text\">Der Windfang legt nach<\/span><\/a><\/span><\/p>\n","protected":false},"author":2,"featured_media":1573,"comment_status":"closed","ping_status":"closed","sticky":false,"template":"","format":"standard","meta":{"footnotes":""},"categories":[4,11],"tags":[],"jetpack_sharing_enabled":true,"jetpack_featured_media_url":"https:\/\/i0.wp.com\/www.fachhallenhaus.de\/wp-content\/uploads\/2024\/04\/wp-1714423354020618878803459890753.jpg?fit=2000%2C1500&ssl=1","_links":{"self":[{"href":"https:\/\/www.fachhallenhaus.de\/index.php?rest_route=\/wp\/v2\/posts\/1568"}],"collection":[{"href":"https:\/\/www.fachhallenhaus.de\/index.php?rest_route=\/wp\/v2\/posts"}],"about":[{"href":"https:\/\/www.fachhallenhaus.de\/index.php?rest_route=\/wp\/v2\/types\/post"}],"author":[{"embeddable":true,"href":"https:\/\/www.fachhallenhaus.de\/index.php?rest_route=\/wp\/v2\/users\/2"}],"replies":[{"embeddable":true,"href":"https:\/\/www.fachhallenhaus.de\/index.php?rest_route=%2Fwp%2Fv2%2Fcomments&post=1568"}],"version-history":[{"count":4,"href":"https:\/\/www.fachhallenhaus.de\/index.php?rest_route=\/wp\/v2\/posts\/1568\/revisions"}],"predecessor-version":[{"id":1574,"href":"https:\/\/www.fachhallenhaus.de\/index.php?rest_route=\/wp\/v2\/posts\/1568\/revisions\/1574"}],"wp:featuredmedia":[{"embeddable":true,"href":"https:\/\/www.fachhallenhaus.de\/index.php?rest_route=\/wp\/v2\/media\/1573"}],"wp:attachment":[{"href":"https:\/\/www.fachhallenhaus.de\/index.php?rest_route=%2Fwp%2Fv2%2Fmedia&parent=1568"}],"wp:term":[{"taxonomy":"category","embeddable":true,"href":"https:\/\/www.fachhallenhaus.de\/index.php?rest_route=%2Fwp%2Fv2%2Fcategories&post=1568"},{"taxonomy":"post_tag","embeddable":true,"href":"https:\/\/www.fachhallenhaus.de\/index.php?rest_route=%2Fwp%2Fv2%2Ftags&post=1568"}],"curies":[{"name":"wp","href":"https:\/\/api.w.org\/{rel}","templated":true}]}}