{"id":1369,"date":"2023-08-02T19:41:34","date_gmt":"2023-08-02T19:41:34","guid":{"rendered":"https:\/\/fachhallenhaus.de\/?p=1369"},"modified":"2023-08-02T19:45:28","modified_gmt":"2023-08-02T19:45:28","slug":"21-8-21uhr-im-ndr","status":"publish","type":"post","link":"https:\/\/www.fachhallenhaus.de\/?p=1369","title":{"rendered":"21.8. 21Uhr im NDR"},"content":{"rendered":"\n<p>Traumh\u00e4user im Norden, so hei\u00dft unsere Sendung. Und der Ausstrahlungstermin ist nun auch bekannt:<\/p>\n\n\n\n<p>Am 21.8. um 21 Uhr k\u00f6nnt ihr live im NDR sehen, wie es uns in den letzten 2 Jahren ergangen ist.  Nat\u00fcrlich ist der Beitrag noch lange online in der Mediathek verf\u00fcgbar, solltet ihr den Zeitslot verpassen.<\/p>\n\n\n\n<p><a href=\"https:\/\/www.ndr.de\/fernsehen\/programm\/epg\/Traumhaeuser-Ein-Hof-am-Elbdeich,sendung1369322.html\">https:\/\/www.ndr.de\/fernsehen\/programm\/epg\/Traumhaeuser-Ein-Hof-am-Elbdeich,sendung1369322.html<\/a><\/p>\n\n\n\n<p>Hier der Text aus dem NDR Programm:<\/p>\n\n\n\n<h1 class=\"wp-block-heading\">Traumh\u00e4user im Norden &#8211; Ein Hof am Elbdeich<\/h1>\n\n\n\n<p>Montag, 21. August 2023, 21:00&nbsp;bis&nbsp;21:45 Uhr&nbsp;<br \/>Mittwoch, 23. August 2023, 06:35&nbsp;bis&nbsp;07:20 Uhr<br \/>Donnerstag, 24. August 2023, 01:50&nbsp;bis&nbsp;02:35 Uhr<\/p>\n\n\n\n<p>Den 200 Jahre alten Deichhof in Haseldorf an der Elbe haben die Bauherren von einer Prinzessin gekauft. Aber verwunschen ist ihr Traumhaus nicht.<\/p>\n\n\n\n<p>Natascha Bausewein und Sebastian Wolf m\u00fcssen mehr Arbeit in den Umbau stecken, als sie dachten. Sie machen fast alles alleine. Jede freie Minute sind sie auf der Baustelle. Das Hofgeb\u00e4ude am Elbdeich ist riesig: 500 Quadratmeter. Jede Woche tauchen neue Herausforderungen auf, die den geplanten Einzugstermin immer weiter nach hinten schieben. Sie m\u00fcssen das Fundament fast aller Au\u00dfenw\u00e4nde gegen Feuchtigkeit sch\u00fctzen, das dauert Monate. Auch die D\u00e4mmplatten im Erdgeschoss befestigen sie selbst. Ein zweiter Dachstuhl wird unter dem Reetdach gebaut.<br><br>Mehr als zwei Jahre Umbauzeit<\/p>\n\n\n\n<p>Und dann haben die beiden immer neue Ideen, die umgesetzt werden wollen: aus einem alten Balken soll ein Waschtisch im Badezimmer werden. Natascha sagt \u00fcber Sebastian: &#8222;Inzwischen ist er Maurer, Zimmermann, Abbruchunternehmer, alles im einem.&#8220; Bis sie in ihr Traumhaus einziehen k\u00f6nnen, vergehen mehr als zwei Jahre mit einer enormen Belastung f\u00fcr die junge Familie.<\/p>\n","protected":false},"excerpt":{"rendered":"<p>Traumh\u00e4user im Norden, so hei\u00dft unsere Sendung. Und der Ausstrahlungstermin ist nun auch bekannt: Am 21.8. um 21 Uhr k\u00f6nnt &hellip; <span class=\"more-button\"><a href=\"https:\/\/www.fachhallenhaus.de\/?p=1369\" class=\"more-link\">Continue Reading<span class=\"screen-reader-text\">21.8. 21Uhr im NDR<\/span><\/a><\/span><\/p>\n","protected":false},"author":2,"featured_media":1372,"comment_status":"closed","ping_status":"closed","sticky":false,"template":"","format":"standard","meta":{"footnotes":""},"categories":[1],"tags":[],"jetpack_sharing_enabled":true,"jetpack_featured_media_url":"https:\/\/i0.wp.com\/www.fachhallenhaus.de\/wp-content\/uploads\/2023\/08\/wp-1691005193915-scaled.jpg?fit=2560%2C1920&ssl=1","_links":{"self":[{"href":"https:\/\/www.fachhallenhaus.de\/index.php?rest_route=\/wp\/v2\/posts\/1369"}],"collection":[{"href":"https:\/\/www.fachhallenhaus.de\/index.php?rest_route=\/wp\/v2\/posts"}],"about":[{"href":"https:\/\/www.fachhallenhaus.de\/index.php?rest_route=\/wp\/v2\/types\/post"}],"author":[{"embeddable":true,"href":"https:\/\/www.fachhallenhaus.de\/index.php?rest_route=\/wp\/v2\/users\/2"}],"replies":[{"embeddable":true,"href":"https:\/\/www.fachhallenhaus.de\/index.php?rest_route=%2Fwp%2Fv2%2Fcomments&post=1369"}],"version-history":[{"count":5,"href":"https:\/\/www.fachhallenhaus.de\/index.php?rest_route=\/wp\/v2\/posts\/1369\/revisions"}],"predecessor-version":[{"id":1375,"href":"https:\/\/www.fachhallenhaus.de\/index.php?rest_route=\/wp\/v2\/posts\/1369\/revisions\/1375"}],"wp:featuredmedia":[{"embeddable":true,"href":"https:\/\/www.fachhallenhaus.de\/index.php?rest_route=\/wp\/v2\/media\/1372"}],"wp:attachment":[{"href":"https:\/\/www.fachhallenhaus.de\/index.php?rest_route=%2Fwp%2Fv2%2Fmedia&parent=1369"}],"wp:term":[{"taxonomy":"category","embeddable":true,"href":"https:\/\/www.fachhallenhaus.de\/index.php?rest_route=%2Fwp%2Fv2%2Fcategories&post=1369"},{"taxonomy":"post_tag","embeddable":true,"href":"https:\/\/www.fachhallenhaus.de\/index.php?rest_route=%2Fwp%2Fv2%2Ftags&post=1369"}],"curies":[{"name":"wp","href":"https:\/\/api.w.org\/{rel}","templated":true}]}}