{"id":1177,"date":"2023-02-24T21:39:41","date_gmt":"2023-02-24T21:39:41","guid":{"rendered":"http:\/\/fachhallenhaus.de\/?p=1177"},"modified":"2023-02-24T22:05:41","modified_gmt":"2023-02-24T22:05:41","slug":"fliesen-dran-es-geht-voran","status":"publish","type":"post","link":"https:\/\/www.fachhallenhaus.de\/?p=1177","title":{"rendered":"Fliesen dran, &#8211; es geht voran"},"content":{"rendered":"\n<p>Fliesen. <\/p>\n\n\n\n<p>Wie viele Gedanken kann man sich eigentlich zu so einem Thema machen? Es gleicht eher einem Prozess, einer Reife sozusagen. Heute feiern wir das 3. Jubil\u00e4um des Hauses in unserem Besitz. Und das Thema Fliesen begleitet uns von Beginn an. <\/p>\n\n\n\n<p>Bei Freunden auf Amrum haben wir den belgischen Blaustein kennen gelernt, den wir sofort passend f\u00fcr das Haus fanden. Es handelt sich um einen Kalkstein, der schon seit Jahrhunderten in Kirchen und H\u00e4usern Anwendung findet. Also dann: Anfragen gestellt, etliche Muster gesichtet und festgestellt, dass Blaustein nicht gleich Blaustein ist. Die Oberfl\u00e4chenbearbeitung, die Kantenbearbeitung, das Altern, Format und Verlegemuster haben jeweils einen immensen Einfluss auf die Wirkung. Abgek\u00fcrzt lautet das Ergebnis: Bahnenware in verschiedenen Breiten mit stark gebrochenen Kanten. Es soll alt aussehen und darf gerne etwas unruhig sein auf dem Boden. Gleichzeitig gef\u00e4llt es uns, wenn der Blaustein noch hellgrau-blau ist und erst sp\u00e4ter seine Patina bekommt und hier und da speckig und ganz dunkel wird.<\/p>\n\n\n\n<figure class=\"wp-block-image size-large\"><img loading=\"lazy\" decoding=\"async\" width=\"990\" height=\"743\" src=\"https:\/\/i0.wp.com\/fachhallenhaus.de\/wp-content\/uploads\/2023\/02\/wp-1677188977158-scaled.jpg?resize=990%2C743\" alt=\"\" class=\"wp-image-1179\" srcset=\"https:\/\/i0.wp.com\/www.fachhallenhaus.de\/wp-content\/uploads\/2023\/02\/wp-1677188977158-scaled.jpg?w=2560&amp;ssl=1 2560w, https:\/\/i0.wp.com\/www.fachhallenhaus.de\/wp-content\/uploads\/2023\/02\/wp-1677188977158-scaled.jpg?resize=300%2C225&amp;ssl=1 300w, https:\/\/i0.wp.com\/www.fachhallenhaus.de\/wp-content\/uploads\/2023\/02\/wp-1677188977158-scaled.jpg?resize=1024%2C768&amp;ssl=1 1024w, https:\/\/i0.wp.com\/www.fachhallenhaus.de\/wp-content\/uploads\/2023\/02\/wp-1677188977158-scaled.jpg?resize=768%2C576&amp;ssl=1 768w, https:\/\/i0.wp.com\/www.fachhallenhaus.de\/wp-content\/uploads\/2023\/02\/wp-1677188977158-scaled.jpg?resize=1536%2C1152&amp;ssl=1 1536w, https:\/\/i0.wp.com\/www.fachhallenhaus.de\/wp-content\/uploads\/2023\/02\/wp-1677188977158-scaled.jpg?resize=2048%2C1536&amp;ssl=1 2048w, https:\/\/i0.wp.com\/www.fachhallenhaus.de\/wp-content\/uploads\/2023\/02\/wp-1677188977158-scaled.jpg?resize=755%2C566&amp;ssl=1 755w, https:\/\/i0.wp.com\/www.fachhallenhaus.de\/wp-content\/uploads\/2023\/02\/wp-1677188977158-scaled.jpg?w=1980&amp;ssl=1 1980w\" sizes=\"(max-width: 990px) 100vw, 990px\" data-recalc-dims=\"1\" \/><\/figure>\n\n\n\n<figure class=\"wp-block-image\"><img loading=\"lazy\" decoding=\"async\" width=\"990\" height=\"743\" src=\"https:\/\/i0.wp.com\/fachhallenhaus.de\/wp-content\/uploads\/2023\/02\/wp-1677188977043-scaled.jpg?resize=990%2C743\" alt=\"\" class=\"wp-image-1180\" srcset=\"https:\/\/i0.wp.com\/www.fachhallenhaus.de\/wp-content\/uploads\/2023\/02\/wp-1677188977043-scaled.jpg?w=2560&amp;ssl=1 2560w, https:\/\/i0.wp.com\/www.fachhallenhaus.de\/wp-content\/uploads\/2023\/02\/wp-1677188977043-scaled.jpg?resize=300%2C225&amp;ssl=1 300w, https:\/\/i0.wp.com\/www.fachhallenhaus.de\/wp-content\/uploads\/2023\/02\/wp-1677188977043-scaled.jpg?resize=1024%2C768&amp;ssl=1 1024w, https:\/\/i0.wp.com\/www.fachhallenhaus.de\/wp-content\/uploads\/2023\/02\/wp-1677188977043-scaled.jpg?resize=768%2C576&amp;ssl=1 768w, https:\/\/i0.wp.com\/www.fachhallenhaus.de\/wp-content\/uploads\/2023\/02\/wp-1677188977043-scaled.jpg?resize=1536%2C1152&amp;ssl=1 1536w, https:\/\/i0.wp.com\/www.fachhallenhaus.de\/wp-content\/uploads\/2023\/02\/wp-1677188977043-scaled.jpg?resize=2048%2C1536&amp;ssl=1 2048w, https:\/\/i0.wp.com\/www.fachhallenhaus.de\/wp-content\/uploads\/2023\/02\/wp-1677188977043-scaled.jpg?resize=755%2C566&amp;ssl=1 755w, https:\/\/i0.wp.com\/www.fachhallenhaus.de\/wp-content\/uploads\/2023\/02\/wp-1677188977043-scaled.jpg?w=1980&amp;ssl=1 1980w\" sizes=\"(max-width: 990px) 100vw, 990px\" data-recalc-dims=\"1\" \/><\/figure>\n\n\n\n<p>Verfugt mit hellgrauer Fugenmasse und anschlie\u00dfend impr\u00e4gniert, damit das hellgrau-blau des Steins noch eine Weile so bleibt. Das Ergebnis ist wirklich sehr sch\u00f6n!<\/p>\n\n\n\n<figure class=\"wp-block-image size-large\"><img loading=\"lazy\" decoding=\"async\" width=\"990\" height=\"743\" src=\"https:\/\/i0.wp.com\/fachhallenhaus.de\/wp-content\/uploads\/2023\/02\/wp-1677259973493-scaled.jpg?resize=990%2C743\" alt=\"\" class=\"wp-image-1186\" srcset=\"https:\/\/i0.wp.com\/www.fachhallenhaus.de\/wp-content\/uploads\/2023\/02\/wp-1677259973493-scaled.jpg?w=2560&amp;ssl=1 2560w, https:\/\/i0.wp.com\/www.fachhallenhaus.de\/wp-content\/uploads\/2023\/02\/wp-1677259973493-scaled.jpg?resize=300%2C225&amp;ssl=1 300w, https:\/\/i0.wp.com\/www.fachhallenhaus.de\/wp-content\/uploads\/2023\/02\/wp-1677259973493-scaled.jpg?resize=1024%2C768&amp;ssl=1 1024w, https:\/\/i0.wp.com\/www.fachhallenhaus.de\/wp-content\/uploads\/2023\/02\/wp-1677259973493-scaled.jpg?resize=768%2C576&amp;ssl=1 768w, https:\/\/i0.wp.com\/www.fachhallenhaus.de\/wp-content\/uploads\/2023\/02\/wp-1677259973493-scaled.jpg?resize=1536%2C1152&amp;ssl=1 1536w, https:\/\/i0.wp.com\/www.fachhallenhaus.de\/wp-content\/uploads\/2023\/02\/wp-1677259973493-scaled.jpg?resize=2048%2C1536&amp;ssl=1 2048w, https:\/\/i0.wp.com\/www.fachhallenhaus.de\/wp-content\/uploads\/2023\/02\/wp-1677259973493-scaled.jpg?resize=755%2C566&amp;ssl=1 755w, https:\/\/i0.wp.com\/www.fachhallenhaus.de\/wp-content\/uploads\/2023\/02\/wp-1677259973493-scaled.jpg?w=1980&amp;ssl=1 1980w\" sizes=\"(max-width: 990px) 100vw, 990px\" data-recalc-dims=\"1\" \/><\/figure>\n\n\n\n<p>Weiter geht es im Bad. Hier wollten wir keine moderne betongraue H\u00f6hle sondern irgendwie etwas Besonderes. Also dann: die Basis f\u00fcr Boden und R\u00fcckwand bildet eine graue Feinsteinzeugfliese, die einen Naturstein imitiert. Format 45&#215;90, recht modern und unaufgeregt also. Sch\u00f6n auf Gehrungss\u00e4ge geschnitten und s\u00e4uberlich verlegt.<\/p>\n\n\n\n<figure class=\"wp-block-image size-large\"><img loading=\"lazy\" decoding=\"async\" width=\"990\" height=\"1320\" src=\"https:\/\/i0.wp.com\/fachhallenhaus.de\/wp-content\/uploads\/2023\/02\/wp-167725997625746525893031788439-scaled.jpg?resize=990%2C1320\" alt=\"\" class=\"wp-image-1185\" srcset=\"https:\/\/i0.wp.com\/www.fachhallenhaus.de\/wp-content\/uploads\/2023\/02\/wp-167725997625746525893031788439-scaled.jpg?w=1920&amp;ssl=1 1920w, https:\/\/i0.wp.com\/www.fachhallenhaus.de\/wp-content\/uploads\/2023\/02\/wp-167725997625746525893031788439-scaled.jpg?resize=225%2C300&amp;ssl=1 225w, https:\/\/i0.wp.com\/www.fachhallenhaus.de\/wp-content\/uploads\/2023\/02\/wp-167725997625746525893031788439-scaled.jpg?resize=768%2C1024&amp;ssl=1 768w, https:\/\/i0.wp.com\/www.fachhallenhaus.de\/wp-content\/uploads\/2023\/02\/wp-167725997625746525893031788439-scaled.jpg?resize=1152%2C1536&amp;ssl=1 1152w, https:\/\/i0.wp.com\/www.fachhallenhaus.de\/wp-content\/uploads\/2023\/02\/wp-167725997625746525893031788439-scaled.jpg?resize=1536%2C2048&amp;ssl=1 1536w\" sizes=\"(max-width: 990px) 100vw, 990px\" data-recalc-dims=\"1\" \/><\/figure>\n\n\n\n<p>Von unseren handgestrichenen Fliesen hatten wir ja bereits berichtet. Die Mischung verschiedenfarbig anmutender wei\u00dfer Fliesen findet in der Dusche und hinter dem Waschtisch ihren Einsatz. Eigentlich sollte man diese &#8222;Friese Wittjes&#8220; ganz ohne Fuge verlegen. So fast ohne Fugenmasse war uns das aber zu heikel im Nassbereich, daher hier auch mit 2mm Fuge. Die Farbmischung kam historisch \u00fcbrigens durch den second-hand-Handel dieser Baumaterialien zustande. Jede Manufaktur hatte einen leicht anderen Brand obwohl alle 13x13cm gro\u00dfe Fliesen anboten. Im Zweiteinsatz kam es dann zur Durchmischung und den bunten Zusammenstellungen. Fanden wir gut und haben es beauftragt.<\/p>\n\n\n\n<figure class=\"wp-block-image size-large\"><img loading=\"lazy\" decoding=\"async\" width=\"990\" height=\"1320\" src=\"https:\/\/i0.wp.com\/fachhallenhaus.de\/wp-content\/uploads\/2023\/02\/wp-16772599756272283195845706700539-scaled.jpg?resize=990%2C1320\" alt=\"\" class=\"wp-image-1182\" srcset=\"https:\/\/i0.wp.com\/www.fachhallenhaus.de\/wp-content\/uploads\/2023\/02\/wp-16772599756272283195845706700539-scaled.jpg?w=1920&amp;ssl=1 1920w, https:\/\/i0.wp.com\/www.fachhallenhaus.de\/wp-content\/uploads\/2023\/02\/wp-16772599756272283195845706700539-scaled.jpg?resize=225%2C300&amp;ssl=1 225w, https:\/\/i0.wp.com\/www.fachhallenhaus.de\/wp-content\/uploads\/2023\/02\/wp-16772599756272283195845706700539-scaled.jpg?resize=768%2C1024&amp;ssl=1 768w, https:\/\/i0.wp.com\/www.fachhallenhaus.de\/wp-content\/uploads\/2023\/02\/wp-16772599756272283195845706700539-scaled.jpg?resize=1152%2C1536&amp;ssl=1 1152w, https:\/\/i0.wp.com\/www.fachhallenhaus.de\/wp-content\/uploads\/2023\/02\/wp-16772599756272283195845706700539-scaled.jpg?resize=1536%2C2048&amp;ssl=1 1536w\" sizes=\"(max-width: 990px) 100vw, 990px\" data-recalc-dims=\"1\" \/><\/figure>\n\n\n\n<figure class=\"wp-block-image\"><img loading=\"lazy\" decoding=\"async\" width=\"990\" height=\"1320\" src=\"https:\/\/i0.wp.com\/fachhallenhaus.de\/wp-content\/uploads\/2023\/02\/wp-16772599749144016018260932032471-scaled.jpg?resize=990%2C1320\" alt=\"\" class=\"wp-image-1184\" srcset=\"https:\/\/i0.wp.com\/www.fachhallenhaus.de\/wp-content\/uploads\/2023\/02\/wp-16772599749144016018260932032471-scaled.jpg?w=1920&amp;ssl=1 1920w, https:\/\/i0.wp.com\/www.fachhallenhaus.de\/wp-content\/uploads\/2023\/02\/wp-16772599749144016018260932032471-scaled.jpg?resize=225%2C300&amp;ssl=1 225w, https:\/\/i0.wp.com\/www.fachhallenhaus.de\/wp-content\/uploads\/2023\/02\/wp-16772599749144016018260932032471-scaled.jpg?resize=768%2C1024&amp;ssl=1 768w, https:\/\/i0.wp.com\/www.fachhallenhaus.de\/wp-content\/uploads\/2023\/02\/wp-16772599749144016018260932032471-scaled.jpg?resize=1152%2C1536&amp;ssl=1 1152w, https:\/\/i0.wp.com\/www.fachhallenhaus.de\/wp-content\/uploads\/2023\/02\/wp-16772599749144016018260932032471-scaled.jpg?resize=1536%2C2048&amp;ssl=1 1536w\" sizes=\"(max-width: 990px) 100vw, 990px\" data-recalc-dims=\"1\" \/><\/figure>\n\n\n\n<p>Und zu guter Letzt noch ein bisschen Farbe, wenn man auf dem Thron sitzt. T\u00fcrkis gef\u00e4llt uns ohnehin und die kleinen Metrofliesen fanden wir eigentlich auch gut. Beim Besichtigen verschiedener Muster war uns das aber alles irgendwie zu gerade, zu industriell. Passt nicht zum Haus \ud83d\ude09 also haben wir nicht lockergelassen und das Internet durchforstet. (Die Fliesenwahl war ein Prozess&#8230;) Zuf\u00e4llig fand sich ein polnischer K\u00fcnstler, der Fliesen herstellt, die so v\u00f6llig anders geformt sind als alles, was man so kennt. <\/p>\n\n\n\n<figure class=\"wp-block-image size-large\"><img loading=\"lazy\" decoding=\"async\" width=\"990\" height=\"1320\" src=\"https:\/\/i0.wp.com\/fachhallenhaus.de\/wp-content\/uploads\/2023\/02\/wp-16771878440971882542282050580258-scaled.jpg?resize=990%2C1320\" alt=\"\" class=\"wp-image-1174\" srcset=\"https:\/\/i0.wp.com\/www.fachhallenhaus.de\/wp-content\/uploads\/2023\/02\/wp-16771878440971882542282050580258-scaled.jpg?w=1920&amp;ssl=1 1920w, https:\/\/i0.wp.com\/www.fachhallenhaus.de\/wp-content\/uploads\/2023\/02\/wp-16771878440971882542282050580258-scaled.jpg?resize=225%2C300&amp;ssl=1 225w, https:\/\/i0.wp.com\/www.fachhallenhaus.de\/wp-content\/uploads\/2023\/02\/wp-16771878440971882542282050580258-scaled.jpg?resize=768%2C1024&amp;ssl=1 768w, https:\/\/i0.wp.com\/www.fachhallenhaus.de\/wp-content\/uploads\/2023\/02\/wp-16771878440971882542282050580258-scaled.jpg?resize=1152%2C1536&amp;ssl=1 1152w, https:\/\/i0.wp.com\/www.fachhallenhaus.de\/wp-content\/uploads\/2023\/02\/wp-16771878440971882542282050580258-scaled.jpg?resize=1536%2C2048&amp;ssl=1 1536w\" sizes=\"(max-width: 990px) 100vw, 990px\" data-recalc-dims=\"1\" \/><\/figure>\n\n\n\n<p>Muss ich hier erw\u00e4hnen, dass beim Verlegen ordentlich geflucht wurde und bis alles an der Wand und verfugt war, eine deutliche Unsicherheit zu sp\u00fcren war, ob wir nicht komplett bescheuert sind? &#8211; Ja, das muss ich wohl erw\u00e4hnen. Diese handgemachte Fliesen sind n\u00e4mlich alle besonders krumm und unf\u00f6rmig, jede Einzelne bedarf einer Sonderbehandlung und das Muster sprengt einem den Kopf&#8230; Aber dann:<\/p>\n\n\n\n<figure class=\"wp-block-image size-large\"><img loading=\"lazy\" decoding=\"async\" width=\"990\" height=\"1320\" src=\"https:\/\/i0.wp.com\/fachhallenhaus.de\/wp-content\/uploads\/2023\/02\/wp-16772762175061536296962671995689-scaled.jpg?resize=990%2C1320\" alt=\"\" class=\"wp-image-1188\" srcset=\"https:\/\/i0.wp.com\/www.fachhallenhaus.de\/wp-content\/uploads\/2023\/02\/wp-16772762175061536296962671995689-scaled.jpg?w=1920&amp;ssl=1 1920w, https:\/\/i0.wp.com\/www.fachhallenhaus.de\/wp-content\/uploads\/2023\/02\/wp-16772762175061536296962671995689-scaled.jpg?resize=225%2C300&amp;ssl=1 225w, https:\/\/i0.wp.com\/www.fachhallenhaus.de\/wp-content\/uploads\/2023\/02\/wp-16772762175061536296962671995689-scaled.jpg?resize=768%2C1024&amp;ssl=1 768w, https:\/\/i0.wp.com\/www.fachhallenhaus.de\/wp-content\/uploads\/2023\/02\/wp-16772762175061536296962671995689-scaled.jpg?resize=1152%2C1536&amp;ssl=1 1152w, https:\/\/i0.wp.com\/www.fachhallenhaus.de\/wp-content\/uploads\/2023\/02\/wp-16772762175061536296962671995689-scaled.jpg?resize=1536%2C2048&amp;ssl=1 1536w\" sizes=\"(max-width: 990px) 100vw, 990px\" data-recalc-dims=\"1\" \/><\/figure>\n\n\n\n<p>Das Ergebnis ist MEGA! Wir sind hellauf begeistert \ud83d\ude42 nun denn, jetzt kann man ein bisschen Abwechslung erleben, wenn man auf unserem Thron sitzt. <\/p>\n\n\n\n<figure class=\"wp-block-image size-large\"><img loading=\"lazy\" decoding=\"async\" width=\"990\" height=\"1320\" src=\"https:\/\/i0.wp.com\/fachhallenhaus.de\/wp-content\/uploads\/2023\/02\/wp-16772599741928403456376511623575-scaled.jpg?resize=990%2C1320\" alt=\"\" class=\"wp-image-1183\" srcset=\"https:\/\/i0.wp.com\/www.fachhallenhaus.de\/wp-content\/uploads\/2023\/02\/wp-16772599741928403456376511623575-scaled.jpg?w=1920&amp;ssl=1 1920w, https:\/\/i0.wp.com\/www.fachhallenhaus.de\/wp-content\/uploads\/2023\/02\/wp-16772599741928403456376511623575-scaled.jpg?resize=225%2C300&amp;ssl=1 225w, https:\/\/i0.wp.com\/www.fachhallenhaus.de\/wp-content\/uploads\/2023\/02\/wp-16772599741928403456376511623575-scaled.jpg?resize=768%2C1024&amp;ssl=1 768w, https:\/\/i0.wp.com\/www.fachhallenhaus.de\/wp-content\/uploads\/2023\/02\/wp-16772599741928403456376511623575-scaled.jpg?resize=1152%2C1536&amp;ssl=1 1152w, https:\/\/i0.wp.com\/www.fachhallenhaus.de\/wp-content\/uploads\/2023\/02\/wp-16772599741928403456376511623575-scaled.jpg?resize=1536%2C2048&amp;ssl=1 1536w\" sizes=\"(max-width: 990px) 100vw, 990px\" data-recalc-dims=\"1\" \/><\/figure>\n","protected":false},"excerpt":{"rendered":"<p>Fliesen. Wie viele Gedanken kann man sich eigentlich zu so einem Thema machen? Es gleicht eher einem Prozess, einer Reife &hellip; <span class=\"more-button\"><a href=\"https:\/\/www.fachhallenhaus.de\/?p=1177\" class=\"more-link\">Continue Reading<span class=\"screen-reader-text\">Fliesen dran, &#8211; es geht voran<\/span><\/a><\/span><\/p>\n","protected":false},"author":2,"featured_media":1183,"comment_status":"closed","ping_status":"closed","sticky":false,"template":"","format":"standard","meta":{"footnotes":""},"categories":[1],"tags":[],"jetpack_sharing_enabled":true,"jetpack_featured_media_url":"https:\/\/i0.wp.com\/www.fachhallenhaus.de\/wp-content\/uploads\/2023\/02\/wp-16772599741928403456376511623575-scaled.jpg?fit=1920%2C2560&ssl=1","_links":{"self":[{"href":"https:\/\/www.fachhallenhaus.de\/index.php?rest_route=\/wp\/v2\/posts\/1177"}],"collection":[{"href":"https:\/\/www.fachhallenhaus.de\/index.php?rest_route=\/wp\/v2\/posts"}],"about":[{"href":"https:\/\/www.fachhallenhaus.de\/index.php?rest_route=\/wp\/v2\/types\/post"}],"author":[{"embeddable":true,"href":"https:\/\/www.fachhallenhaus.de\/index.php?rest_route=\/wp\/v2\/users\/2"}],"replies":[{"embeddable":true,"href":"https:\/\/www.fachhallenhaus.de\/index.php?rest_route=%2Fwp%2Fv2%2Fcomments&post=1177"}],"version-history":[{"count":4,"href":"https:\/\/www.fachhallenhaus.de\/index.php?rest_route=\/wp\/v2\/posts\/1177\/revisions"}],"predecessor-version":[{"id":1189,"href":"https:\/\/www.fachhallenhaus.de\/index.php?rest_route=\/wp\/v2\/posts\/1177\/revisions\/1189"}],"wp:featuredmedia":[{"embeddable":true,"href":"https:\/\/www.fachhallenhaus.de\/index.php?rest_route=\/wp\/v2\/media\/1183"}],"wp:attachment":[{"href":"https:\/\/www.fachhallenhaus.de\/index.php?rest_route=%2Fwp%2Fv2%2Fmedia&parent=1177"}],"wp:term":[{"taxonomy":"category","embeddable":true,"href":"https:\/\/www.fachhallenhaus.de\/index.php?rest_route=%2Fwp%2Fv2%2Fcategories&post=1177"},{"taxonomy":"post_tag","embeddable":true,"href":"https:\/\/www.fachhallenhaus.de\/index.php?rest_route=%2Fwp%2Fv2%2Ftags&post=1177"}],"curies":[{"name":"wp","href":"https:\/\/api.w.org\/{rel}","templated":true}]}}