{"id":1024,"date":"2022-09-30T19:56:20","date_gmt":"2022-09-30T19:56:20","guid":{"rendered":"http:\/\/fachhallenhaus.de\/?p=1024"},"modified":"2022-09-30T19:56:30","modified_gmt":"2022-09-30T19:56:30","slug":"die-erdhoehle","status":"publish","type":"post","link":"https:\/\/www.fachhallenhaus.de\/?p=1024","title":{"rendered":"Die Erdh\u00f6hle."},"content":{"rendered":"\n<p>Es f\u00fchlt sich an wie eine Erdh\u00f6hle. D\u00fcster, feucht und ziemlich erdig. &#8211; Nicht so erstrebenswert? Doch! Total! Den das bedeutet, dass der Lehmunterputz an der Wand ist. <\/p>\n\n\n\n<figure class=\"wp-block-image size-large\"><img loading=\"lazy\" decoding=\"async\" width=\"990\" height=\"743\" src=\"https:\/\/i0.wp.com\/fachhallenhaus.de\/wp-content\/uploads\/2022\/09\/wp-1664566434213-scaled.jpg?resize=990%2C743\" alt=\"\" class=\"wp-image-1021\" srcset=\"https:\/\/i0.wp.com\/www.fachhallenhaus.de\/wp-content\/uploads\/2022\/09\/wp-1664566434213-scaled.jpg?w=2560&amp;ssl=1 2560w, https:\/\/i0.wp.com\/www.fachhallenhaus.de\/wp-content\/uploads\/2022\/09\/wp-1664566434213-scaled.jpg?resize=300%2C225&amp;ssl=1 300w, https:\/\/i0.wp.com\/www.fachhallenhaus.de\/wp-content\/uploads\/2022\/09\/wp-1664566434213-scaled.jpg?resize=1024%2C768&amp;ssl=1 1024w, https:\/\/i0.wp.com\/www.fachhallenhaus.de\/wp-content\/uploads\/2022\/09\/wp-1664566434213-scaled.jpg?resize=768%2C576&amp;ssl=1 768w, https:\/\/i0.wp.com\/www.fachhallenhaus.de\/wp-content\/uploads\/2022\/09\/wp-1664566434213-scaled.jpg?resize=1536%2C1152&amp;ssl=1 1536w, https:\/\/i0.wp.com\/www.fachhallenhaus.de\/wp-content\/uploads\/2022\/09\/wp-1664566434213-scaled.jpg?resize=2048%2C1536&amp;ssl=1 2048w, https:\/\/i0.wp.com\/www.fachhallenhaus.de\/wp-content\/uploads\/2022\/09\/wp-1664566434213-scaled.jpg?resize=755%2C566&amp;ssl=1 755w, https:\/\/i0.wp.com\/www.fachhallenhaus.de\/wp-content\/uploads\/2022\/09\/wp-1664566434213-scaled.jpg?w=1980&amp;ssl=1 1980w\" sizes=\"(max-width: 990px) 100vw, 990px\" data-recalc-dims=\"1\" \/><\/figure>\n\n\n\n<p>6 Tonnen Lehm f\u00fcllen die L\u00fccken zwischen den Wandheizungsrohren und bilden schon eine Ebene. In Summe sind das ca. 130m2 Wand und eine ca. 3cm dicke Schicht.<\/p>\n\n\n\n<figure class=\"wp-block-image\"><img loading=\"lazy\" decoding=\"async\" width=\"990\" height=\"743\" src=\"https:\/\/i0.wp.com\/fachhallenhaus.de\/wp-content\/uploads\/2022\/09\/wp-1664566434790-scaled.jpg?resize=990%2C743\" alt=\"\" class=\"wp-image-1022\" srcset=\"https:\/\/i0.wp.com\/www.fachhallenhaus.de\/wp-content\/uploads\/2022\/09\/wp-1664566434790-scaled.jpg?w=2560&amp;ssl=1 2560w, https:\/\/i0.wp.com\/www.fachhallenhaus.de\/wp-content\/uploads\/2022\/09\/wp-1664566434790-scaled.jpg?resize=300%2C225&amp;ssl=1 300w, https:\/\/i0.wp.com\/www.fachhallenhaus.de\/wp-content\/uploads\/2022\/09\/wp-1664566434790-scaled.jpg?resize=1024%2C768&amp;ssl=1 1024w, https:\/\/i0.wp.com\/www.fachhallenhaus.de\/wp-content\/uploads\/2022\/09\/wp-1664566434790-scaled.jpg?resize=768%2C576&amp;ssl=1 768w, https:\/\/i0.wp.com\/www.fachhallenhaus.de\/wp-content\/uploads\/2022\/09\/wp-1664566434790-scaled.jpg?resize=1536%2C1152&amp;ssl=1 1536w, https:\/\/i0.wp.com\/www.fachhallenhaus.de\/wp-content\/uploads\/2022\/09\/wp-1664566434790-scaled.jpg?resize=2048%2C1536&amp;ssl=1 2048w, https:\/\/i0.wp.com\/www.fachhallenhaus.de\/wp-content\/uploads\/2022\/09\/wp-1664566434790-scaled.jpg?resize=755%2C566&amp;ssl=1 755w, https:\/\/i0.wp.com\/www.fachhallenhaus.de\/wp-content\/uploads\/2022\/09\/wp-1664566434790-scaled.jpg?w=1980&amp;ssl=1 1980w\" sizes=\"(max-width: 990px) 100vw, 990px\" data-recalc-dims=\"1\" \/><\/figure>\n\n\n\n<figure class=\"wp-block-image\"><img loading=\"lazy\" decoding=\"async\" width=\"990\" height=\"743\" src=\"https:\/\/i0.wp.com\/fachhallenhaus.de\/wp-content\/uploads\/2022\/09\/wp-1664566434594-scaled.jpg?resize=990%2C743\" alt=\"\" class=\"wp-image-1023\" srcset=\"https:\/\/i0.wp.com\/www.fachhallenhaus.de\/wp-content\/uploads\/2022\/09\/wp-1664566434594-scaled.jpg?w=2560&amp;ssl=1 2560w, https:\/\/i0.wp.com\/www.fachhallenhaus.de\/wp-content\/uploads\/2022\/09\/wp-1664566434594-scaled.jpg?resize=300%2C225&amp;ssl=1 300w, https:\/\/i0.wp.com\/www.fachhallenhaus.de\/wp-content\/uploads\/2022\/09\/wp-1664566434594-scaled.jpg?resize=1024%2C768&amp;ssl=1 1024w, https:\/\/i0.wp.com\/www.fachhallenhaus.de\/wp-content\/uploads\/2022\/09\/wp-1664566434594-scaled.jpg?resize=768%2C576&amp;ssl=1 768w, https:\/\/i0.wp.com\/www.fachhallenhaus.de\/wp-content\/uploads\/2022\/09\/wp-1664566434594-scaled.jpg?resize=1536%2C1152&amp;ssl=1 1536w, https:\/\/i0.wp.com\/www.fachhallenhaus.de\/wp-content\/uploads\/2022\/09\/wp-1664566434594-scaled.jpg?resize=2048%2C1536&amp;ssl=1 2048w, https:\/\/i0.wp.com\/www.fachhallenhaus.de\/wp-content\/uploads\/2022\/09\/wp-1664566434594-scaled.jpg?resize=755%2C566&amp;ssl=1 755w, https:\/\/i0.wp.com\/www.fachhallenhaus.de\/wp-content\/uploads\/2022\/09\/wp-1664566434594-scaled.jpg?w=1980&amp;ssl=1 1980w\" sizes=\"(max-width: 990px) 100vw, 990px\" data-recalc-dims=\"1\" \/><\/figure>\n\n\n\n<p>Warum Lehm? Es gibt etliche Vorteile gegen\u00fcber modernen Baustoffen. So nimmt der Lehm Raumfeuchtigkeit auf, speichert sie und gibt sie wieder ab, sorgt damit f\u00fcr ideale Luftfeuchtigkeit und ein angenehmes Klima. Der Lehm sorbiert Ger\u00fcche, bildet mit der Wandheizung eine richtig tolle thermische Masse und ist absolut nachhaltig.<\/p>\n\n\n\n<figure class=\"wp-block-image\"><img loading=\"lazy\" decoding=\"async\" width=\"990\" height=\"743\" src=\"https:\/\/i0.wp.com\/fachhallenhaus.de\/wp-content\/uploads\/2022\/09\/wp-1664566435466.jpg?resize=990%2C743\" alt=\"\" class=\"wp-image-1018\" srcset=\"https:\/\/i0.wp.com\/www.fachhallenhaus.de\/wp-content\/uploads\/2022\/09\/wp-1664566435466.jpg?w=2048&amp;ssl=1 2048w, https:\/\/i0.wp.com\/www.fachhallenhaus.de\/wp-content\/uploads\/2022\/09\/wp-1664566435466.jpg?resize=300%2C225&amp;ssl=1 300w, https:\/\/i0.wp.com\/www.fachhallenhaus.de\/wp-content\/uploads\/2022\/09\/wp-1664566435466.jpg?resize=1024%2C768&amp;ssl=1 1024w, https:\/\/i0.wp.com\/www.fachhallenhaus.de\/wp-content\/uploads\/2022\/09\/wp-1664566435466.jpg?resize=768%2C576&amp;ssl=1 768w, https:\/\/i0.wp.com\/www.fachhallenhaus.de\/wp-content\/uploads\/2022\/09\/wp-1664566435466.jpg?resize=1536%2C1152&amp;ssl=1 1536w, https:\/\/i0.wp.com\/www.fachhallenhaus.de\/wp-content\/uploads\/2022\/09\/wp-1664566435466.jpg?resize=755%2C566&amp;ssl=1 755w, https:\/\/i0.wp.com\/www.fachhallenhaus.de\/wp-content\/uploads\/2022\/09\/wp-1664566435466.jpg?w=1980&amp;ssl=1 1980w\" sizes=\"(max-width: 990px) 100vw, 990px\" data-recalc-dims=\"1\" \/><\/figure>\n\n\n\n<p>Es gibt etliche Diskussionen dazu, ob nun mit Stroh oder Ohne, wie dick eine Schicht sein darf usw. Nunja, da hat auch jeder Verarbeiter seine Pr\u00e4ferenzen und Erfahrungen. Bei uns wurde das ganze Zeug von Hand an die Wand geschleudert. Weniger Wasser als beim Verputzen mit Maschine, daher auch tendenziell dickere Schichten m\u00f6glich. Schnelle Trocknung ist wichtig und dann wird es wohl hoffentlich da bleiben, wo es hingeh\u00f6rt. \ud83d\ude09<\/p>\n\n\n\n<figure class=\"wp-block-image\"><img loading=\"lazy\" decoding=\"async\" width=\"990\" height=\"743\" src=\"https:\/\/i0.wp.com\/fachhallenhaus.de\/wp-content\/uploads\/2022\/09\/wp-1664566435479.jpg?resize=990%2C743\" alt=\"\" class=\"wp-image-1019\" srcset=\"https:\/\/i0.wp.com\/www.fachhallenhaus.de\/wp-content\/uploads\/2022\/09\/wp-1664566435479.jpg?w=2048&amp;ssl=1 2048w, https:\/\/i0.wp.com\/www.fachhallenhaus.de\/wp-content\/uploads\/2022\/09\/wp-1664566435479.jpg?resize=300%2C225&amp;ssl=1 300w, https:\/\/i0.wp.com\/www.fachhallenhaus.de\/wp-content\/uploads\/2022\/09\/wp-1664566435479.jpg?resize=1024%2C768&amp;ssl=1 1024w, https:\/\/i0.wp.com\/www.fachhallenhaus.de\/wp-content\/uploads\/2022\/09\/wp-1664566435479.jpg?resize=768%2C576&amp;ssl=1 768w, https:\/\/i0.wp.com\/www.fachhallenhaus.de\/wp-content\/uploads\/2022\/09\/wp-1664566435479.jpg?resize=1536%2C1152&amp;ssl=1 1536w, https:\/\/i0.wp.com\/www.fachhallenhaus.de\/wp-content\/uploads\/2022\/09\/wp-1664566435479.jpg?resize=755%2C566&amp;ssl=1 755w, https:\/\/i0.wp.com\/www.fachhallenhaus.de\/wp-content\/uploads\/2022\/09\/wp-1664566435479.jpg?w=1980&amp;ssl=1 1980w\" sizes=\"(max-width: 990px) 100vw, 990px\" data-recalc-dims=\"1\" \/><\/figure>\n\n\n\n<figure class=\"wp-block-image\"><img loading=\"lazy\" decoding=\"async\" width=\"990\" height=\"1320\" src=\"https:\/\/i0.wp.com\/fachhallenhaus.de\/wp-content\/uploads\/2022\/09\/wp-16645664348496316128928192602600-scaled.jpg?resize=990%2C1320\" alt=\"\" class=\"wp-image-1020\" srcset=\"https:\/\/i0.wp.com\/www.fachhallenhaus.de\/wp-content\/uploads\/2022\/09\/wp-16645664348496316128928192602600-scaled.jpg?w=1920&amp;ssl=1 1920w, https:\/\/i0.wp.com\/www.fachhallenhaus.de\/wp-content\/uploads\/2022\/09\/wp-16645664348496316128928192602600-scaled.jpg?resize=225%2C300&amp;ssl=1 225w, https:\/\/i0.wp.com\/www.fachhallenhaus.de\/wp-content\/uploads\/2022\/09\/wp-16645664348496316128928192602600-scaled.jpg?resize=768%2C1024&amp;ssl=1 768w, https:\/\/i0.wp.com\/www.fachhallenhaus.de\/wp-content\/uploads\/2022\/09\/wp-16645664348496316128928192602600-scaled.jpg?resize=1152%2C1536&amp;ssl=1 1152w, https:\/\/i0.wp.com\/www.fachhallenhaus.de\/wp-content\/uploads\/2022\/09\/wp-16645664348496316128928192602600-scaled.jpg?resize=1536%2C2048&amp;ssl=1 1536w\" sizes=\"(max-width: 990px) 100vw, 990px\" data-recalc-dims=\"1\" \/><figcaption class=\"wp-element-caption\">Hier sieht man das Putzgewebe. Es hilft gegen Risse. Auch hier gibt es verschiedene Philosophien. Viele nehmen eher d\u00fcnnes Gaze mit weiten Maschen. Bei uns ein sehr dickes, steifes WDVS Gewebe (gedacht f\u00fcr Au\u00dfend\u00e4mmung) mit 5x5mm Maschen. <\/figcaption><\/figure>\n\n\n\n<p>Das ganze darf nun ordentlich durchtrocknen. Der Lehm schwindet dabei und Risse sind wohl recht normal. Sie werden dann in der n\u00e4chsten Schicht ausgebessert und dann ist Ruhe, da der Putz dann spannungsfrei ist. Der Oberputz ist etwas anders zusammengesetzt und dadurch etwas flexibler, elastischer als der Unterputz. Er wird nur in d\u00fcnnen Schichten aufgetragen und braucht daher nicht so viel Stand wie Unterputz. (Stand hei\u00dft nichts anderes als dass dir das Zeug im feuchten Zustand nicht von der Wand f\u00e4llt und wird erwirkt durch mehr und gr\u00f6beren Sand, Strohh\u00e4cksel usw. <\/p>\n\n\n\n<p>Damit auch genug Platz f\u00fcr die Wandheizungsrohre ist, l\u00e4uft diese schon mal mit. Wir starten sanft mit 25Grad C. So dehnen sich die Rohre durch die Temperatur aus, verschaffen sich ihren Platz und helfen dem Lehm beim Trocknen. <\/p>\n","protected":false},"excerpt":{"rendered":"<p>Es f\u00fchlt sich an wie eine Erdh\u00f6hle. D\u00fcster, feucht und ziemlich erdig. &#8211; Nicht so erstrebenswert? Doch! Total! Den das &hellip; <span class=\"more-button\"><a href=\"https:\/\/www.fachhallenhaus.de\/?p=1024\" class=\"more-link\">Continue Reading<span class=\"screen-reader-text\">Die Erdh\u00f6hle.<\/span><\/a><\/span><\/p>\n","protected":false},"author":2,"featured_media":1020,"comment_status":"closed","ping_status":"closed","sticky":false,"template":"","format":"standard","meta":{"footnotes":""},"categories":[8,4,1,11],"tags":[],"jetpack_sharing_enabled":true,"jetpack_featured_media_url":"https:\/\/i0.wp.com\/www.fachhallenhaus.de\/wp-content\/uploads\/2022\/09\/wp-16645664348496316128928192602600-scaled.jpg?fit=1920%2C2560&ssl=1","_links":{"self":[{"href":"https:\/\/www.fachhallenhaus.de\/index.php?rest_route=\/wp\/v2\/posts\/1024"}],"collection":[{"href":"https:\/\/www.fachhallenhaus.de\/index.php?rest_route=\/wp\/v2\/posts"}],"about":[{"href":"https:\/\/www.fachhallenhaus.de\/index.php?rest_route=\/wp\/v2\/types\/post"}],"author":[{"embeddable":true,"href":"https:\/\/www.fachhallenhaus.de\/index.php?rest_route=\/wp\/v2\/users\/2"}],"replies":[{"embeddable":true,"href":"https:\/\/www.fachhallenhaus.de\/index.php?rest_route=%2Fwp%2Fv2%2Fcomments&post=1024"}],"version-history":[{"count":2,"href":"https:\/\/www.fachhallenhaus.de\/index.php?rest_route=\/wp\/v2\/posts\/1024\/revisions"}],"predecessor-version":[{"id":1026,"href":"https:\/\/www.fachhallenhaus.de\/index.php?rest_route=\/wp\/v2\/posts\/1024\/revisions\/1026"}],"wp:featuredmedia":[{"embeddable":true,"href":"https:\/\/www.fachhallenhaus.de\/index.php?rest_route=\/wp\/v2\/media\/1020"}],"wp:attachment":[{"href":"https:\/\/www.fachhallenhaus.de\/index.php?rest_route=%2Fwp%2Fv2%2Fmedia&parent=1024"}],"wp:term":[{"taxonomy":"category","embeddable":true,"href":"https:\/\/www.fachhallenhaus.de\/index.php?rest_route=%2Fwp%2Fv2%2Fcategories&post=1024"},{"taxonomy":"post_tag","embeddable":true,"href":"https:\/\/www.fachhallenhaus.de\/index.php?rest_route=%2Fwp%2Fv2%2Ftags&post=1024"}],"curies":[{"name":"wp","href":"https:\/\/api.w.org\/{rel}","templated":true}]}}